{"id":82311,"date":"2006-01-13T04:05:06","date_gmt":"2006-01-13T03:05:06","guid":{"rendered":"https:\/\/mediarun.com\/index.php\/news-posts\/mniej-reklam-w-tvp\/"},"modified":"2006-01-13T04:05:06","modified_gmt":"2006-01-13T03:05:06","slug":"mniej-reklam-w-tvp","status":"publish","type":"post","link":"https:\/\/mediarun.com\/pl\/media\/tv\/mniej-reklam-w-tvp.html","title":{"rendered":"Mniej reklam w TVP"},"content":{"rendered":"<p>&#8211; Stacje komercyjne b\u0119d\u0105 te\u017c mog\u0142y podnie\u015b\u0107 ceny nawet o kilkadziesi\u0105t procent. Wed\u0142ug Jaros\u0142awa Sellina, za korzystanie z odbiornik\u00f3w RTV p\u0142aciliby\u015bmy w ramach rozliczenia PIT. P\u0142atnik\u00f3w by\u0142oby wi\u0119c ok. 20 mln, a nie &#8211; jak obecnie &#8211; 5 mln. Wed\u0142ug wiceministra, &#8222;telewizja walcz\u0105c o pieni\u0105dze ze stacjami prywatnymi, komercjalizuje si\u0119, a cierpi na tym misja. Je\u015bli media publiczne dostan\u0105 wi\u0119cej pieni\u0119dzy z abonamentu, mo\u017cna ograniczy\u0107 im prawo do emisji reklam&#8221;. &#8211; donosi &#8222;Trybuna&#8221;<\/p>\n<p>&#8211; Pan Sellin chyba zwariowa\u0142, prosz\u0119 tak napisa\u0107 &#8211; m\u00f3wi &#8222;Trybunie&#8221; by\u0142y prezes TVP SA Robert Kwiatkowski.<\/p>\n","protected":false},"excerpt":{"rendered":"Wiceminister kultury Jaros\u0142aw Sellin chce zredukowania zysk\u00f3w TVP z reklam nawet o 30 proc. &#8211; dowiedzia\u0142a si\u0119 &#8222;Trybuna&#8221;. Je\u015bli jego plany zostan\u0105 zrealizowane, nadawcy komercyjni mog\u0105 zyska\u0107 nawet 300 mln z\u0142otych rocznie z rynku reklamowego.","protected":false},"author":1,"featured_media":82312,"comment_status":"open","ping_status":"closed","sticky":false,"template":"","format":"standard","meta":{"csco_display_header_overlay":false,"csco_singular_sidebar":"","csco_page_header_type":"","csco_page_load_nextpost":"","csco_post_video_location":[],"csco_post_video_location_hash":"","csco_post_video_url":"","csco_post_video_bg_start_time":0,"csco_post_video_bg_end_time":0,"footnotes":""},"categories":[9670],"tags":[],"class_list":{"0":"post-82311","1":"post","2":"type-post","3":"status-publish","4":"format-standard","5":"has-post-thumbnail","7":"category-tv","8":"cs-entry","9":"cs-video-wrap"},"_links":{"self":[{"href":"https:\/\/mediarun.com\/pl\/wp-json\/wp\/v2\/posts\/82311","targetHints":{"allow":["GET"]}}],"collection":[{"href":"https:\/\/mediarun.com\/pl\/wp-json\/wp\/v2\/posts"}],"about":[{"href":"https:\/\/mediarun.com\/pl\/wp-json\/wp\/v2\/types\/post"}],"author":[{"embeddable":true,"href":"https:\/\/mediarun.com\/pl\/wp-json\/wp\/v2\/users\/1"}],"replies":[{"embeddable":true,"href":"https:\/\/mediarun.com\/pl\/wp-json\/wp\/v2\/comments?post=82311"}],"version-history":[{"count":0,"href":"https:\/\/mediarun.com\/pl\/wp-json\/wp\/v2\/posts\/82311\/revisions"}],"wp:featuredmedia":[{"embeddable":true,"href":"https:\/\/mediarun.com\/pl\/wp-json\/wp\/v2\/media\/82312"}],"wp:attachment":[{"href":"https:\/\/mediarun.com\/pl\/wp-json\/wp\/v2\/media?parent=82311"}],"wp:term":[{"taxonomy":"category","embeddable":true,"href":"https:\/\/mediarun.com\/pl\/wp-json\/wp\/v2\/categories?post=82311"},{"taxonomy":"post_tag","embeddable":true,"href":"https:\/\/mediarun.com\/pl\/wp-json\/wp\/v2\/tags?post=82311"}],"curies":[{"name":"wp","href":"https:\/\/api.w.org\/{rel}","templated":true}]}}