{"id":82295,"date":"2006-01-13T06:00:00","date_gmt":"2006-01-13T05:00:00","guid":{"rendered":"https:\/\/mediarun.com\/index.php\/news-posts\/wybierz-swoja-ksiazke-roku\/"},"modified":"2006-01-13T06:00:00","modified_gmt":"2006-01-13T05:00:00","slug":"wybierz-swoja-ksiazke-roku","status":"publish","type":"post","link":"https:\/\/mediarun.com\/pl\/wydarzenia\/wybierz-swoja-ksiazke-roku.html","title":{"rendered":"Wybierz swoj\u0105 ksi\u0105\u017ck\u0119 roku"},"content":{"rendered":"<p><P>by sami wybrali najbardziej warto\u015bciow\u0105 ksi\u0105\u017ck\u0119 minionego roku. <\/P><br \/>\n<P>W\u0142a\u015bnie przy udziale recenzent\u00f3w WP powsta\u0142a lista najciekawszych pozycji ksi\u0105\u017ckowych 2005 roku (<A href=\"http:\/\/ksiazki.wp.pl\/konkursy\/id,107,konkurs.html\">http:\/\/ksiazki.wp.pl\/konkursy\/id,107,konkurs.html<\/A>). Salon Recenzent\u00f3w tworz\u0105 czytelnicy, kt\u00f3rzy na stronach serwisu ksiazki.wp.pl dziel\u0105 si\u0119 z innymi swoj\u0105 pasj\u0105 do literatury. <\/P><br \/>\n<P>Nominowanych do tytu\u0142u &#8222;Ksi\u0105\u017cka roku 2005&#8221; w kategorii &#8222;literatura polska&#8221; WP przybli\u017ca Internautom od 11 stycznia. W ci\u0105gu kilku najbli\u017cszych dni przypomni te\u017c dok\u0142adnie lektury uj\u0119te w dwie kolejne kategorie: literatura obca i niebeletrystyka. <\/P><br \/>\n<P>Na wybrane pozycje mo\u017cna g\u0142osowa\u0107 do 24 stycznia. W\u015br\u00f3d nominowanych znalaz\u0142y si\u0119: &#8222;Dwukropek&#8221; Wis\u0142awy Szymborskiej, &#8222;Warunek&#8221; Eustachego Rylskiego, &#8222;Rzecz o mych smutnych dziwkach&#8221; Gabriela Garcii Marqueza, &#8222;Historia pi\u0119kna&#8221; Umberto Eco, czy &#8222;Pami\u0119\u0107 i to\u017csamo\u015b\u0107&#8221; Jana Paw\u0142a II. <\/P><br \/>\n<P>Najlepsz\u0105 ksi\u0105\u017ck\u0119 2005 roku Wirtualna Polska przedstawi w pierwszych dniach lutego. <\/P><\/p>\n","protected":false},"excerpt":{"rendered":"Ksi\u0105\u017cki Wirtualnej Polski &#8211; najpopularniejszy serwis internetowy po\u015bwi\u0119cony literaturze &#8211; kolejny raz mobilizuje czytelnik\u00f3w do tego&#8230;","protected":false},"author":1,"featured_media":82296,"comment_status":"open","ping_status":"closed","sticky":false,"template":"","format":"standard","meta":{"csco_display_header_overlay":false,"csco_singular_sidebar":"","csco_page_header_type":"","csco_page_load_nextpost":"","csco_post_video_location":[],"csco_post_video_location_hash":"","csco_post_video_url":"","csco_post_video_bg_start_time":0,"csco_post_video_bg_end_time":0,"footnotes":""},"categories":[46],"tags":[],"class_list":{"0":"post-82295","1":"post","2":"type-post","3":"status-publish","4":"format-standard","5":"has-post-thumbnail","7":"category-wydarzenia","8":"cs-entry","9":"cs-video-wrap"},"_links":{"self":[{"href":"https:\/\/mediarun.com\/pl\/wp-json\/wp\/v2\/posts\/82295","targetHints":{"allow":["GET"]}}],"collection":[{"href":"https:\/\/mediarun.com\/pl\/wp-json\/wp\/v2\/posts"}],"about":[{"href":"https:\/\/mediarun.com\/pl\/wp-json\/wp\/v2\/types\/post"}],"author":[{"embeddable":true,"href":"https:\/\/mediarun.com\/pl\/wp-json\/wp\/v2\/users\/1"}],"replies":[{"embeddable":true,"href":"https:\/\/mediarun.com\/pl\/wp-json\/wp\/v2\/comments?post=82295"}],"version-history":[{"count":0,"href":"https:\/\/mediarun.com\/pl\/wp-json\/wp\/v2\/posts\/82295\/revisions"}],"wp:featuredmedia":[{"embeddable":true,"href":"https:\/\/mediarun.com\/pl\/wp-json\/wp\/v2\/media\/82296"}],"wp:attachment":[{"href":"https:\/\/mediarun.com\/pl\/wp-json\/wp\/v2\/media?parent=82295"}],"wp:term":[{"taxonomy":"category","embeddable":true,"href":"https:\/\/mediarun.com\/pl\/wp-json\/wp\/v2\/categories?post=82295"},{"taxonomy":"post_tag","embeddable":true,"href":"https:\/\/mediarun.com\/pl\/wp-json\/wp\/v2\/tags?post=82295"}],"curies":[{"name":"wp","href":"https:\/\/api.w.org\/{rel}","templated":true}]}}