{"id":82292,"date":"2006-01-13T06:00:00","date_gmt":"2006-01-13T05:00:00","guid":{"rendered":"https:\/\/mediarun.com\/index.php\/news-posts\/medialne-osobowosci-roku-2005\/"},"modified":"2006-01-13T06:00:00","modified_gmt":"2006-01-13T05:00:00","slug":"medialne-osobowosci-roku-2005","status":"publish","type":"post","link":"https:\/\/mediarun.com\/pl\/wydarzenia\/medialne-osobowosci-roku-2005.html","title":{"rendered":"Medialne Osobowo\u015bci Roku 2005"},"content":{"rendered":"<p><P>w pi\u0119ciu kategoriach &#8211; najbardziej popularny dziennikarz, polityk, aktor, fotograf i medialny Manipulator. Zwyci\u0119zcami zostali odpowiednio: Kamil Durczok, Jaros\u0142aw Kaczy\u0144ski, Maciej Stuhr, Tomasz Gudzowaty i Jacek Kurski. <\/P><br \/>\n<P>Wyniki plebiscytu, w kt\u00f3rym ankiety wype\u0142ni\u0142o ponad 3 tys. os\u00f3b, og\u0142oszono w czwartek podczas Noworocznego Spotkania Medi\u00f3w w Konstancinie &#8211; Jeziornej ko\u0142o Warszawy.<\/P><br \/>\n<P>W\u015br\u00f3d dziennikarzy najbardziej popularnymi okazali si\u0119: Kamil Durczok (845 g\u0142os\u00f3w), Tomasz Lis (631) i Monika Olejnik (342). W\u015br\u00f3d polityk\u00f3w na czele znale\u017ali si\u0119 Jaros\u0142aw Kaczy\u0144ski (789 g\u0142os\u00f3w), Donald Tusk (735) i Lech Kaczy\u0144ski (721).<\/P><br \/>\n<P>W\u015br\u00f3d aktor\u00f3w na pierwszym miejscu uplasowa\u0142 si\u0119 Maciej Stuhr (701 g\u0142os\u00f3w), za nim Janusz Gajos (686) i Cezary Pazura (627). Najbardziej popularnym fotografem okaza\u0142 si\u0119 Tomasz Gudzowaty (652 g\u0142os\u00f3w), kolejnymi Adam Bujak (547) oraz Henryk Sawka (426).<\/P><br \/>\n<P>W\u015br\u00f3d medialnych Manipulator\u00f3w najwi\u0119cej g\u0142os\u00f3w zdobyli: Jacek Kurski (953), Danuta Waniek (921) i Jerzy Urban (632).<\/P><br \/>\n<P>Stowarzyszenie Polskich Medi\u00f3w (SPM) powsta\u0142o w 2002 roku. Skupia osoby pracuj\u0105ce w \u015brodkach masowego przekazu oraz osoby i instytucje zwi\u0105zane z mediami zawodowo i spo\u0142ecznie lub wspieraj\u0105ce ich dzia\u0142alno\u015b\u0107.<\/P><\/p>\n","protected":false},"excerpt":{"rendered":"Rozstrzygni\u0119to plebiscyt Medialne Osobowo\u015bci Roku, organizowany przez Stowarzyszenie Polskich Medi\u00f3w. Tytu\u0142y przyznano&#8230;","protected":false},"author":1,"featured_media":82293,"comment_status":"open","ping_status":"closed","sticky":false,"template":"","format":"standard","meta":{"csco_display_header_overlay":false,"csco_singular_sidebar":"","csco_page_header_type":"","csco_page_load_nextpost":"","csco_post_video_location":[],"csco_post_video_location_hash":"","csco_post_video_url":"","csco_post_video_bg_start_time":0,"csco_post_video_bg_end_time":0,"footnotes":""},"categories":[46],"tags":[],"class_list":{"0":"post-82292","1":"post","2":"type-post","3":"status-publish","4":"format-standard","5":"has-post-thumbnail","7":"category-wydarzenia","8":"cs-entry","9":"cs-video-wrap"},"_links":{"self":[{"href":"https:\/\/mediarun.com\/pl\/wp-json\/wp\/v2\/posts\/82292","targetHints":{"allow":["GET"]}}],"collection":[{"href":"https:\/\/mediarun.com\/pl\/wp-json\/wp\/v2\/posts"}],"about":[{"href":"https:\/\/mediarun.com\/pl\/wp-json\/wp\/v2\/types\/post"}],"author":[{"embeddable":true,"href":"https:\/\/mediarun.com\/pl\/wp-json\/wp\/v2\/users\/1"}],"replies":[{"embeddable":true,"href":"https:\/\/mediarun.com\/pl\/wp-json\/wp\/v2\/comments?post=82292"}],"version-history":[{"count":0,"href":"https:\/\/mediarun.com\/pl\/wp-json\/wp\/v2\/posts\/82292\/revisions"}],"wp:featuredmedia":[{"embeddable":true,"href":"https:\/\/mediarun.com\/pl\/wp-json\/wp\/v2\/media\/82293"}],"wp:attachment":[{"href":"https:\/\/mediarun.com\/pl\/wp-json\/wp\/v2\/media?parent=82292"}],"wp:term":[{"taxonomy":"category","embeddable":true,"href":"https:\/\/mediarun.com\/pl\/wp-json\/wp\/v2\/categories?post=82292"},{"taxonomy":"post_tag","embeddable":true,"href":"https:\/\/mediarun.com\/pl\/wp-json\/wp\/v2\/tags?post=82292"}],"curies":[{"name":"wp","href":"https:\/\/api.w.org\/{rel}","templated":true}]}}