{"id":82235,"date":"2006-01-16T06:00:00","date_gmt":"2006-01-16T05:00:00","guid":{"rendered":"https:\/\/mediarun.com\/index.php\/news-posts\/ozon-media-ma-nowego-prezesa\/"},"modified":"2006-01-16T06:00:00","modified_gmt":"2006-01-16T05:00:00","slug":"ozon-media-ma-nowego-prezesa","status":"publish","type":"post","link":"https:\/\/mediarun.com\/pl\/ludzie\/awanse\/ozon-media-ma-nowego-prezesa.html","title":{"rendered":"Ozon Media ma nowego prezesa"},"content":{"rendered":"<p><P>podj\u0119li decyzj\u0119 o podwy\u017cszeniu kapita\u0142u sp\u00f3\u0142ki o dodatkowe 7 mln 166 tys. z\u0142.<\/P><br \/>\n<P>Jak g\u0142osi komunikat biura prasowego Ozon Media, zmiana na stanowisku prezesa wi\u0105\u017ce si\u0119 ze &#8222;zmian\u0105 cel\u00f3w strategicznych sp\u00f3\u0142ki&#8221;, a &#8222;Je\u017cewski odchodzi z zarz\u0105du za porozumieniem stron&#8221;.<\/P><br \/>\n<P>Kurnicki w ostatnich latach pracowa\u0142 na stanowisku dyrektora marketingu i sprzeda\u017cy wydawnictwa Business Press, a od wrze\u015bnia 2005 pe\u0142ni t\u0119 funkcj\u0119 w Domu Sztuki Wydawniczej &#8211; Media Place.<\/P><br \/>\n<P>Opr\u00f3cz decyzji o dokapitalizowaniu sp\u00f3\u0142ki udzia\u0142owcy sformu\u0142owali te\u017c nowe cele sp\u00f3\u0142ki w zakresie marketingu i sprzeda\u017cy pisma.<\/P><\/p>\n","protected":false},"excerpt":{"rendered":"Leszek Kurnicki jest od pi\u0105tku nowym prezesem sp\u00f3\u0142ki Ozon Media, wydawcy tygodnika Ozon. Jednocze\u015bnie udzia\u0142owcy sp\u00f3\u0142ki&#8230;","protected":false},"author":1,"featured_media":82236,"comment_status":"open","ping_status":"closed","sticky":false,"template":"","format":"standard","meta":{"csco_display_header_overlay":false,"csco_singular_sidebar":"","csco_page_header_type":"","csco_page_load_nextpost":"","csco_post_video_location":[],"csco_post_video_location_hash":"","csco_post_video_url":"","csco_post_video_bg_start_time":0,"csco_post_video_bg_end_time":0,"footnotes":""},"categories":[9678],"tags":[],"class_list":{"0":"post-82235","1":"post","2":"type-post","3":"status-publish","4":"format-standard","5":"has-post-thumbnail","7":"category-awanse","8":"cs-entry","9":"cs-video-wrap"},"_links":{"self":[{"href":"https:\/\/mediarun.com\/pl\/wp-json\/wp\/v2\/posts\/82235","targetHints":{"allow":["GET"]}}],"collection":[{"href":"https:\/\/mediarun.com\/pl\/wp-json\/wp\/v2\/posts"}],"about":[{"href":"https:\/\/mediarun.com\/pl\/wp-json\/wp\/v2\/types\/post"}],"author":[{"embeddable":true,"href":"https:\/\/mediarun.com\/pl\/wp-json\/wp\/v2\/users\/1"}],"replies":[{"embeddable":true,"href":"https:\/\/mediarun.com\/pl\/wp-json\/wp\/v2\/comments?post=82235"}],"version-history":[{"count":0,"href":"https:\/\/mediarun.com\/pl\/wp-json\/wp\/v2\/posts\/82235\/revisions"}],"wp:featuredmedia":[{"embeddable":true,"href":"https:\/\/mediarun.com\/pl\/wp-json\/wp\/v2\/media\/82236"}],"wp:attachment":[{"href":"https:\/\/mediarun.com\/pl\/wp-json\/wp\/v2\/media?parent=82235"}],"wp:term":[{"taxonomy":"category","embeddable":true,"href":"https:\/\/mediarun.com\/pl\/wp-json\/wp\/v2\/categories?post=82235"},{"taxonomy":"post_tag","embeddable":true,"href":"https:\/\/mediarun.com\/pl\/wp-json\/wp\/v2\/tags?post=82235"}],"curies":[{"name":"wp","href":"https:\/\/api.w.org\/{rel}","templated":true}]}}