{"id":82234,"date":"2006-01-16T06:00:00","date_gmt":"2006-01-16T05:00:00","guid":{"rendered":"https:\/\/mediarun.com\/index.php\/news-posts\/nowy-szef-dialogu\/"},"modified":"2006-01-16T06:00:00","modified_gmt":"2006-01-16T05:00:00","slug":"nowy-szef-dialogu","status":"publish","type":"post","link":"https:\/\/mediarun.com\/pl\/ludzie\/awanse\/nowy-szef-dialogu.html","title":{"rendered":"Nowy szef Dialogu"},"content":{"rendered":"<p>Prezes Karol Wo\u0142kowi\u0144ski zosta\u0142 odwo\u0142any ze stanowiska 12 stycznia. Pi\u0119\u0107dziesi\u0119ciosze\u015bcioletni J\u00f3zef Dudziak jest zwi\u0105zany z Dialogiem od 8 kwietnia 2004 r., do tej pory by\u0142 wiceprezesem odpowiedzialnym za marketing i rozw\u00f3j. Wcze\u015bniej by\u0142 m.in. szefem biura Towarzystwa Mi\u0142o\u015bnik\u00f3w Wroc\u0142awia. Dzia\u0142a\u0142 w organizacjach studenckich. Pracowa\u0142 w Banku Zachodnim, w kt\u00f3rym by\u0142 dyrektorem biura marketingu. W latach 2001 &#8211; 2004 by\u0142 dyrektorem generalnym biura zarz\u0105du KGHM Polska Mied\u017a. W latach 1996 &#8211; 1998 by\u0142 sekretarzem rady nadzorczej KGHM, a od 2001 r. przewodnicz\u0105cym rady nadzorczej Polskiego Radia Wroc\u0142aw.<\/p>\n","protected":false},"excerpt":{"rendered":"J\u00f3zef Dudziak pe\u0142ni obowi\u0105zki prezesa Telefonii Dialog, stacjonarnego operatora telekomunikacyjnego kontrolowanego przez KGHM.","protected":false},"author":1,"featured_media":0,"comment_status":"open","ping_status":"closed","sticky":false,"template":"","format":"standard","meta":{"csco_display_header_overlay":false,"csco_singular_sidebar":"","csco_page_header_type":"","csco_page_load_nextpost":"","csco_post_video_location":[],"csco_post_video_location_hash":"","csco_post_video_url":"","csco_post_video_bg_start_time":0,"csco_post_video_bg_end_time":0,"footnotes":""},"categories":[9678],"tags":[],"class_list":{"0":"post-82234","1":"post","2":"type-post","3":"status-publish","4":"format-standard","6":"category-awanse","7":"cs-entry","8":"cs-video-wrap"},"_links":{"self":[{"href":"https:\/\/mediarun.com\/pl\/wp-json\/wp\/v2\/posts\/82234","targetHints":{"allow":["GET"]}}],"collection":[{"href":"https:\/\/mediarun.com\/pl\/wp-json\/wp\/v2\/posts"}],"about":[{"href":"https:\/\/mediarun.com\/pl\/wp-json\/wp\/v2\/types\/post"}],"author":[{"embeddable":true,"href":"https:\/\/mediarun.com\/pl\/wp-json\/wp\/v2\/users\/1"}],"replies":[{"embeddable":true,"href":"https:\/\/mediarun.com\/pl\/wp-json\/wp\/v2\/comments?post=82234"}],"version-history":[{"count":0,"href":"https:\/\/mediarun.com\/pl\/wp-json\/wp\/v2\/posts\/82234\/revisions"}],"wp:attachment":[{"href":"https:\/\/mediarun.com\/pl\/wp-json\/wp\/v2\/media?parent=82234"}],"wp:term":[{"taxonomy":"category","embeddable":true,"href":"https:\/\/mediarun.com\/pl\/wp-json\/wp\/v2\/categories?post=82234"},{"taxonomy":"post_tag","embeddable":true,"href":"https:\/\/mediarun.com\/pl\/wp-json\/wp\/v2\/tags?post=82234"}],"curies":[{"name":"wp","href":"https:\/\/api.w.org\/{rel}","templated":true}]}}