{"id":82111,"date":"2006-01-17T06:00:00","date_gmt":"2006-01-17T05:00:00","guid":{"rendered":"https:\/\/mediarun.com\/index.php\/news-posts\/24-stycznia-przesluchania-kandydatow-do-krrit\/"},"modified":"2006-01-17T06:00:00","modified_gmt":"2006-01-17T05:00:00","slug":"24-stycznia-przesluchania-kandydatow-do-krrit","status":"publish","type":"post","link":"https:\/\/mediarun.com\/pl\/ludzie\/awanse\/24-stycznia-przesluchania-kandydatow-do-krrit.html","title":{"rendered":"24 stycznia przes\u0142uchania kandydat\u00f3w do KRRiT"},"content":{"rendered":"<p><P>&#8211; poinformowa\u0142 w poniedzia\u0142ek w Krakowie szef tej komisji Pawe\u0142 Kowal (PiS). G\u0142osowanie w Sejmie ma si\u0119 odby\u0107 25 stycznia. <\/P><br \/>\n<P>Zgodnie z ustaw\u0105, KRRiT ma liczy\u0107 pi\u0119ciu zamiast dotychczasowych dziewi\u0119ciu cz\u0142onk\u00f3w. Dw\u00f3ch z nich powo\u0142a Sejm, dw\u00f3ch &#8211; prezydent i jednego &#8211; Senat. Kadencja cz\u0142onk\u00f3w Rady b\u0119dzie trwa\u0142a 6 lat. Jej przewodnicz\u0105cego wska\u017ce prezydent. <\/P><br \/>\n<P>Podczas konferencji prasowej Kowal powiedzia\u0142, \u017ce PiS, kt\u00f3ry nie zg\u0142osi\u0142 swoich kandydat\u00f3w do Rady, poprze osoby zg\u0142oszone przez inne ugrupowania, ale nie ma jeszcze ustale\u0144, kto to b\u0119dzie. <\/P><br \/>\n<P>&#8211; Przez jaki\u015b czas m\u00f3wi\u0142o si\u0119, \u017ce to b\u0119d\u0105 kandydaci LPR i Samoobrony. W tej chwili jest tak du\u017co wydarze\u0144 politycznych zwi\u0105zanych z tworzeniem si\u0119 koalicji i ewentualno\u015bci\u0105 nowych wybor\u00f3w, o czym wszyscy m\u00f3wi\u0105, \u017ce by\u0107 mo\u017ce to te\u017c wp\u0142ynie na spos\u00f3b g\u0142osowania PiS, ale nie ma jeszcze ustale\u0144 klubowych w tej <BR>sprawie &#8211; powiedzia\u0142 szef sejmowej komisji Kultury i \u015arodk\u00f3w Przekazu.&nbsp;&nbsp;&nbsp;&nbsp;&nbsp;&nbsp;&nbsp;&nbsp;&nbsp;&nbsp; <BR>Wed\u0142ug Kowala, prezydent Lech Kaczy\u0144ski zg\u0142osi &#8222;kandydatury w zasadzie niezwi\u0105zane z \u017cyciem politycznym&#8221;. &#8211; Nie b\u0119d\u0105 to ludzie z pierwszych stron gazet. Spodziewam si\u0119 os\u00f3b o do\u015bwiadczeniu w mediach i do\u015bwiadczeniu z prawem medialnym. My\u015bl\u0119, \u017ce niekt\u00f3re propozycje pana prezydenta zostan\u0105 przyj\u0119te bardzo ciep\u0142o &#8211; m\u00f3wi\u0142 Kowal.<\/P><br \/>\n<P>Og\u0142oszenia, kto jest kandydatem Senatu do KRRiT mo\u017cna si\u0119 spodziewa\u0107 na prze\u0142omie stycznia i lutego.<\/P><\/p>\n","protected":false},"excerpt":{"rendered":"24 stycznia odb\u0119d\u0105 si\u0119 przes\u0142uchania kandydat\u00f3w do KRRiT przed sejmow\u0105 Komisj\u0105 Kultury i \u015arodk\u00f3w Przekazu&#8230;","protected":false},"author":1,"featured_media":0,"comment_status":"open","ping_status":"closed","sticky":false,"template":"","format":"standard","meta":{"csco_display_header_overlay":false,"csco_singular_sidebar":"","csco_page_header_type":"","csco_page_load_nextpost":"","csco_post_video_location":[],"csco_post_video_location_hash":"","csco_post_video_url":"","csco_post_video_bg_start_time":0,"csco_post_video_bg_end_time":0,"footnotes":""},"categories":[9678],"tags":[],"class_list":{"0":"post-82111","1":"post","2":"type-post","3":"status-publish","4":"format-standard","6":"category-awanse","7":"cs-entry","8":"cs-video-wrap"},"_links":{"self":[{"href":"https:\/\/mediarun.com\/pl\/wp-json\/wp\/v2\/posts\/82111","targetHints":{"allow":["GET"]}}],"collection":[{"href":"https:\/\/mediarun.com\/pl\/wp-json\/wp\/v2\/posts"}],"about":[{"href":"https:\/\/mediarun.com\/pl\/wp-json\/wp\/v2\/types\/post"}],"author":[{"embeddable":true,"href":"https:\/\/mediarun.com\/pl\/wp-json\/wp\/v2\/users\/1"}],"replies":[{"embeddable":true,"href":"https:\/\/mediarun.com\/pl\/wp-json\/wp\/v2\/comments?post=82111"}],"version-history":[{"count":0,"href":"https:\/\/mediarun.com\/pl\/wp-json\/wp\/v2\/posts\/82111\/revisions"}],"wp:attachment":[{"href":"https:\/\/mediarun.com\/pl\/wp-json\/wp\/v2\/media?parent=82111"}],"wp:term":[{"taxonomy":"category","embeddable":true,"href":"https:\/\/mediarun.com\/pl\/wp-json\/wp\/v2\/categories?post=82111"},{"taxonomy":"post_tag","embeddable":true,"href":"https:\/\/mediarun.com\/pl\/wp-json\/wp\/v2\/tags?post=82111"}],"curies":[{"name":"wp","href":"https:\/\/api.w.org\/{rel}","templated":true}]}}