{"id":82090,"date":"2006-01-17T06:00:00","date_gmt":"2006-01-17T05:00:00","guid":{"rendered":"https:\/\/mediarun.com\/index.php\/news-posts\/leszczynski-naczelnym-laif\/"},"modified":"2006-01-17T06:00:00","modified_gmt":"2006-01-17T05:00:00","slug":"leszczynski-naczelnym-laif","status":"publish","type":"post","link":"https:\/\/mediarun.com\/pl\/ludzie\/awanse\/leszczynski-naczelnym-laif.html","title":{"rendered":"Leszczy\u0144ski naczelnym Laif"},"content":{"rendered":"<p><P>layout&#8217;owym oraz merytorycznym pisma. <\/P><br \/>\n<P>&#8211; Decentralizacja zawarto\u015bci, czyli odej\u015bcie od temat\u00f3w stricte warszawskich i oko\u0142owarszawskich, urozmaicenie form dziennikarskich o publicystyk\u0119, nawi\u0105zanie wsp\u00f3\u0142pracy ze znanymi nazwiskami i wa\u017cnymi postaciami \u017cycia spo\u0142ecznego i kulturalnego to g\u0142\u00f3wne za\u0142o\u017cenia Roberta Leszczy\u0144skiego &#8211; informuje wydawca.<\/P><br \/>\n<P>Miesi\u0119cznik Laif ukazuje si\u0119 od 2001 roku, aktualnie w cenie 8,90 w nak\u0142adzie 55 tys. egzemplarzy (sprzeda\u017c na poziomie 50-60% &#8211; dane ZKDP). Do ka\u017cdego numeru do\u0142\u0105czona jest p\u0142yta CD. Wydawc\u0105 magazynu jest Vindobona Development &amp; Publishing Polska.<\/P><\/p>\n","protected":false},"excerpt":{"rendered":"6 stycznia Robert Leszczy\u0144ski zosta\u0142 redaktorem naczelnym magazynu Laif. Leszczy\u0144ski zapowiedzia\u0142 zmiany na poziomie&#8230;","protected":false},"author":1,"featured_media":82091,"comment_status":"open","ping_status":"closed","sticky":false,"template":"","format":"standard","meta":{"csco_display_header_overlay":false,"csco_singular_sidebar":"","csco_page_header_type":"","csco_page_load_nextpost":"","csco_post_video_location":[],"csco_post_video_location_hash":"","csco_post_video_url":"","csco_post_video_bg_start_time":0,"csco_post_video_bg_end_time":0,"footnotes":""},"categories":[9678],"tags":[],"class_list":{"0":"post-82090","1":"post","2":"type-post","3":"status-publish","4":"format-standard","5":"has-post-thumbnail","7":"category-awanse","8":"cs-entry","9":"cs-video-wrap"},"_links":{"self":[{"href":"https:\/\/mediarun.com\/pl\/wp-json\/wp\/v2\/posts\/82090","targetHints":{"allow":["GET"]}}],"collection":[{"href":"https:\/\/mediarun.com\/pl\/wp-json\/wp\/v2\/posts"}],"about":[{"href":"https:\/\/mediarun.com\/pl\/wp-json\/wp\/v2\/types\/post"}],"author":[{"embeddable":true,"href":"https:\/\/mediarun.com\/pl\/wp-json\/wp\/v2\/users\/1"}],"replies":[{"embeddable":true,"href":"https:\/\/mediarun.com\/pl\/wp-json\/wp\/v2\/comments?post=82090"}],"version-history":[{"count":0,"href":"https:\/\/mediarun.com\/pl\/wp-json\/wp\/v2\/posts\/82090\/revisions"}],"wp:featuredmedia":[{"embeddable":true,"href":"https:\/\/mediarun.com\/pl\/wp-json\/wp\/v2\/media\/82091"}],"wp:attachment":[{"href":"https:\/\/mediarun.com\/pl\/wp-json\/wp\/v2\/media?parent=82090"}],"wp:term":[{"taxonomy":"category","embeddable":true,"href":"https:\/\/mediarun.com\/pl\/wp-json\/wp\/v2\/categories?post=82090"},{"taxonomy":"post_tag","embeddable":true,"href":"https:\/\/mediarun.com\/pl\/wp-json\/wp\/v2\/tags?post=82090"}],"curies":[{"name":"wp","href":"https:\/\/api.w.org\/{rel}","templated":true}]}}