{"id":82065,"date":"2006-01-18T02:03:45","date_gmt":"2006-01-18T01:03:45","guid":{"rendered":"https:\/\/mediarun.com\/index.php\/news-posts\/internauci-wp-wybrali-czlowieka-roku-2005\/"},"modified":"2006-01-18T02:03:45","modified_gmt":"2006-01-18T01:03:45","slug":"internauci-wp-wybrali-czlowieka-roku-2005","status":"publish","type":"post","link":"https:\/\/mediarun.com\/pl\/digital\/internet\/internauci-wp-wybrali-czlowieka-roku-2005.html","title":{"rendered":"Internauci WP wybrali Cz\u0142owieka Roku 2005"},"content":{"rendered":"<p>&#8222;Jedno nie ulega w\u0105tpliwo\u015bci &#8211; nie mog\u0142em zosta\u0107 &#8222;Cz\u0142owiekiem Roku&#8221; za zwyci\u0119stwo polityczne, wi\u0119c bardzo mi mi\u0142o, \u017ce znale\u017ali si\u0119 Internauci, kt\u00f3rzy tak g\u0142osowali. Je\u015bli mia\u0142oby to oznacza\u0107, \u017ce w\u015br\u00f3d polityk\u00f3w Polacy odnajduj\u0105 cokolwiek na kszta\u0142t honoru i potrafi\u0105 to doceni\u0107, to bardzo si\u0119 ciesz\u0119. Politycy kojarz\u0105 si\u0119 ludziom z r\u00f3\u017cnymi sprawami, ale na pewno nie z honorowym zachowaniem.&#8221; &#8211; powiedzia\u0142 Wiadomo\u015bciom Donald Tusk, zwyci\u0119zca plebiscytu. <\/p>\n<p>Katarzyna Skowro\u0144ska, jedna z &#8222;Naszych Z\u0142otek&#8221;, kt\u00f3re prowadzi\u0142y przez pierwszy tydzie\u0144 trwania g\u0142osowania stwierdzi\u0142a: &#8222;Wiadomo\u015b\u0107, i\u017c wi\u0119cej ludzi w Polsce ogl\u0105da\u0142o fina\u0142 Mistrzostw Europy ni\u017c wiecz\u00f3r wyborczy, bardzo mnie rozbawi\u0142a, poniewa\u017c pokaza\u0142a jak my, Polacy, kochamy sport. Cieszy, kiedy nar\u00f3d, maj\u0105c do wyboru polityk\u0119 i sport, wybiera to drugie, a ludzie chcieli po\u015bwi\u0119ci\u0107 sw\u00f3j czas na ogl\u0105danie  siatk\u00f3wki. Niew\u0105tpliwie s\u0105 to dwie bardzo wa\u017cne cz\u0119\u015bci naszego \u017cycia i obie zas\u0142ugiwa\u0142y na uwag\u0119.&#8221;<\/p>\n<p>Uznaniem Internaut\u00f3w ciesz\u0105 si\u0119 tak\u017ce Benedykt XVI (12% g\u0142os\u00f3w), Szymon Majewski (11%), Ojciec Tadeusz Rydzyk (6%), Bob Geldof oraz wokalista U2, Bono (5%).<\/p>\n<p>U\u017cytkownicy WP wybierali Cz\u0142owieka Roku po raz trzeci. W poprzednich latach tytu\u0142 ten przypada\u0142 kolejno Janowi Rokicie (rok 2003) oraz Otylii J\u0119drzejczak (Cz\u0142owiek Roku 2004).  W tegorocznym g\u0142osowaniu, od 30 grudnia do 15 stycznia, Internauci oddali ponad 118 tysi\u0119cy g\u0142os\u00f3w. <\/p>\n","protected":false},"excerpt":{"rendered":"Donald Tusk zosta\u0142 wybrany Cz\u0142owiekiem Roku 2005 w plebiscycie Wirtualnej Polski. G\u0142osowa\u0142o na niego 24 proc. Internaut\u00f3w. Drugie miejsce zaj\u0105\u0142 Jaros\u0142aw Kaczy\u0144ski, kt\u00f3ry zdoby\u0142 17 proc. g\u0142os\u00f3w, na trzeciej pozycji uplasowa\u0142y si\u0119 &#8222;Nasze Z\u0142otka&#8221; &#8211; 15 proc.","protected":false},"author":1,"featured_media":0,"comment_status":"open","ping_status":"closed","sticky":false,"template":"","format":"standard","meta":{"csco_display_header_overlay":false,"csco_singular_sidebar":"","csco_page_header_type":"","csco_page_load_nextpost":"","csco_post_video_location":[],"csco_post_video_location_hash":"","csco_post_video_url":"","csco_post_video_bg_start_time":0,"csco_post_video_bg_end_time":0,"footnotes":""},"categories":[9676],"tags":[],"class_list":{"0":"post-82065","1":"post","2":"type-post","3":"status-publish","4":"format-standard","6":"category-internet","7":"cs-entry","8":"cs-video-wrap"},"_links":{"self":[{"href":"https:\/\/mediarun.com\/pl\/wp-json\/wp\/v2\/posts\/82065","targetHints":{"allow":["GET"]}}],"collection":[{"href":"https:\/\/mediarun.com\/pl\/wp-json\/wp\/v2\/posts"}],"about":[{"href":"https:\/\/mediarun.com\/pl\/wp-json\/wp\/v2\/types\/post"}],"author":[{"embeddable":true,"href":"https:\/\/mediarun.com\/pl\/wp-json\/wp\/v2\/users\/1"}],"replies":[{"embeddable":true,"href":"https:\/\/mediarun.com\/pl\/wp-json\/wp\/v2\/comments?post=82065"}],"version-history":[{"count":0,"href":"https:\/\/mediarun.com\/pl\/wp-json\/wp\/v2\/posts\/82065\/revisions"}],"wp:attachment":[{"href":"https:\/\/mediarun.com\/pl\/wp-json\/wp\/v2\/media?parent=82065"}],"wp:term":[{"taxonomy":"category","embeddable":true,"href":"https:\/\/mediarun.com\/pl\/wp-json\/wp\/v2\/categories?post=82065"},{"taxonomy":"post_tag","embeddable":true,"href":"https:\/\/mediarun.com\/pl\/wp-json\/wp\/v2\/tags?post=82065"}],"curies":[{"name":"wp","href":"https:\/\/api.w.org\/{rel}","templated":true}]}}