{"id":82058,"date":"2006-01-18T02:28:36","date_gmt":"2006-01-18T01:28:36","guid":{"rendered":"https:\/\/mediarun.com\/index.php\/news-posts\/ekonomiczne-obawy-europejczykow\/"},"modified":"2006-01-18T02:28:36","modified_gmt":"2006-01-18T01:28:36","slug":"ekonomiczne-obawy-europejczykow","status":"publish","type":"post","link":"https:\/\/mediarun.com\/pl\/trendy\/branding\/ekonomiczne-obawy-europejczykow.html","title":{"rendered":"Ekonomiczne obawy Europejczyk\u00f3w"},"content":{"rendered":"<p>Wed\u0142ug badania przeprowadzonego dla Komisji Europejskiej pod koniec 2005 roku, 40% mieszka\u0144c\u00f3w Unii Europejskiej oraz pa\u0144stw kandyduj\u0105cych s\u0105dzi, \u017ce w tym roku pogorszy si\u0119 sytuacja ekonomiczna ich kraju oraz wzro\u015bnie  poziom bezrobocia. 19% badanych spodziewa si\u0119 tak\u017ce, \u017ce b\u0119dzie to mia\u0142o wp\u0142yw na ich bud\u017cet domowy. Jedynie 20% ankietowanych uwa\u017ca, \u017ce b\u0119dzie lepiej. <\/p>\n<p>W Polsce dominuj\u0105 nastroje bardziej umiarkowane. Nasi rodacy zak\u0142adaj\u0105, \u017ce najbli\u017cszy rok nie przyniesie znacz\u0105cych zmian zar\u00f3wno w kwestii sytuacji ekonomicznej (38%), jak i w przypadku wielko\u015bci bezrobocia (41%). Jedna czwarta Polak\u00f3w wierzy jednak w popraw\u0119 warunk\u00f3w ekonomicznych (odpowiednio 24% i 25% wskaza\u0144). <\/p>\n<p>Respondenci zapytani o dwa najwi\u0119ksze problemy, z jakimi borykaj\u0105 si\u0119 poszczeg\u00f3lne pa\u0144stwa Unii Europejskiej wskazali przede wszystkim na bezrobocie (44%) oraz sytuacj\u0119 ekonomiczn\u0105 kraju (26%).<br \/>\nJak wynika z badania Eurobarometr kwestia bezrobocia jest szczeg\u00f3lnie istotna dla obywateli nowych pa\u0144stw cz\u0142onkowskich Unii &#8211; a\u017c 57% spo\u015br\u00f3d nich uzna\u0142o brak pracy za najwa\u017cniejszy problem w ich kraju. R\u00f3wnie\u017c w Polsce zdecydowana wi\u0119kszo\u015b\u0107 respondent\u00f3w uzna\u0142a ten problem za najbardziej istotny (71%). Na drugim miejscu w rankingu naszych najwi\u0119kszych narodowych bol\u0105czek znalaz\u0142a si\u0119 &#8222;kulej\u0105ca&#8221; s\u0142u\u017cba zdrowia (35%). <\/p>\n","protected":false},"excerpt":{"rendered":"Europejczycy obawiaj\u0105 si\u0119 pogorszenia sytuacji ekonomicznej w swoich krajach w ci\u0105gu najbli\u017cszych 12 miesi\u0119cy &#8211; wynika z sonda\u017cu Eurobarometr*, zrealizowanego przez TNS Opinion &#038; Social (w Polsce TNS OBOP).","protected":false},"author":1,"featured_media":0,"comment_status":"open","ping_status":"closed","sticky":false,"template":"","format":"standard","meta":{"csco_display_header_overlay":false,"csco_singular_sidebar":"","csco_page_header_type":"","csco_page_load_nextpost":"","csco_post_video_location":[],"csco_post_video_location_hash":"","csco_post_video_url":"","csco_post_video_bg_start_time":0,"csco_post_video_bg_end_time":0,"footnotes":""},"categories":[9658],"tags":[],"class_list":{"0":"post-82058","1":"post","2":"type-post","3":"status-publish","4":"format-standard","6":"category-branding","7":"cs-entry","8":"cs-video-wrap"},"_links":{"self":[{"href":"https:\/\/mediarun.com\/pl\/wp-json\/wp\/v2\/posts\/82058","targetHints":{"allow":["GET"]}}],"collection":[{"href":"https:\/\/mediarun.com\/pl\/wp-json\/wp\/v2\/posts"}],"about":[{"href":"https:\/\/mediarun.com\/pl\/wp-json\/wp\/v2\/types\/post"}],"author":[{"embeddable":true,"href":"https:\/\/mediarun.com\/pl\/wp-json\/wp\/v2\/users\/1"}],"replies":[{"embeddable":true,"href":"https:\/\/mediarun.com\/pl\/wp-json\/wp\/v2\/comments?post=82058"}],"version-history":[{"count":0,"href":"https:\/\/mediarun.com\/pl\/wp-json\/wp\/v2\/posts\/82058\/revisions"}],"wp:attachment":[{"href":"https:\/\/mediarun.com\/pl\/wp-json\/wp\/v2\/media?parent=82058"}],"wp:term":[{"taxonomy":"category","embeddable":true,"href":"https:\/\/mediarun.com\/pl\/wp-json\/wp\/v2\/categories?post=82058"},{"taxonomy":"post_tag","embeddable":true,"href":"https:\/\/mediarun.com\/pl\/wp-json\/wp\/v2\/tags?post=82058"}],"curies":[{"name":"wp","href":"https:\/\/api.w.org\/{rel}","templated":true}]}}