{"id":82028,"date":"2006-01-18T06:00:00","date_gmt":"2006-01-18T05:00:00","guid":{"rendered":"https:\/\/mediarun.com\/index.php\/news-posts\/nowy-naczelny-parkietu-2\/"},"modified":"2006-01-18T06:00:00","modified_gmt":"2006-01-18T05:00:00","slug":"nowy-naczelny-parkietu-2","status":"publish","type":"post","link":"https:\/\/mediarun.com\/pl\/ludzie\/awanse\/nowy-naczelny-parkietu-2.html","title":{"rendered":"Nowy naczelny Parkietu"},"content":{"rendered":"<p>Wcze\u015bniej by\u0142 zast\u0119pc\u0105 dotychczasowej szefowej gazety Lidii Zakrzewskiej, a po jej odwo\u0142aniu ze stanowiska kilka dni temu, pe\u0142ni\u0142 obowi\u0105zki naczelnego. Zmiany s\u0105 efektem przej\u0119cia pod koniec ubieg\u0142ego roku firmy Parkiet Media, wydaj\u0105cej gazet\u0119, przez wydawc\u0119 Rzeczpospolitej &#8211; sp\u00f3\u0142k\u0119 Presspublica. <BR><BR>Przewodnicz\u0105cy rady nadzorczej Parkiet Media i wiceprezes Presspubliki Piotr Fr\u0105tczak m\u00f3wi, \u017ce trwaj\u0105 &#8222;intensywne prace&#8221; nad zmian\u0105 gie\u0142dowego dziennika. Ich efektem ma by\u0107 poszerzenie kr\u0119gu jego czytelnik\u00f3w i unowocze\u015bnienie gazety.<\/p>\n","protected":false},"excerpt":{"rendered":"Krzysztof Jedlak jest od wczoraj redaktorem naczelnym dziennika Parkiet.","protected":false},"author":1,"featured_media":82029,"comment_status":"open","ping_status":"closed","sticky":false,"template":"","format":"standard","meta":{"csco_display_header_overlay":false,"csco_singular_sidebar":"","csco_page_header_type":"","csco_page_load_nextpost":"","csco_post_video_location":[],"csco_post_video_location_hash":"","csco_post_video_url":"","csco_post_video_bg_start_time":0,"csco_post_video_bg_end_time":0,"footnotes":""},"categories":[9678],"tags":[],"class_list":{"0":"post-82028","1":"post","2":"type-post","3":"status-publish","4":"format-standard","5":"has-post-thumbnail","7":"category-awanse","8":"cs-entry","9":"cs-video-wrap"},"_links":{"self":[{"href":"https:\/\/mediarun.com\/pl\/wp-json\/wp\/v2\/posts\/82028","targetHints":{"allow":["GET"]}}],"collection":[{"href":"https:\/\/mediarun.com\/pl\/wp-json\/wp\/v2\/posts"}],"about":[{"href":"https:\/\/mediarun.com\/pl\/wp-json\/wp\/v2\/types\/post"}],"author":[{"embeddable":true,"href":"https:\/\/mediarun.com\/pl\/wp-json\/wp\/v2\/users\/1"}],"replies":[{"embeddable":true,"href":"https:\/\/mediarun.com\/pl\/wp-json\/wp\/v2\/comments?post=82028"}],"version-history":[{"count":0,"href":"https:\/\/mediarun.com\/pl\/wp-json\/wp\/v2\/posts\/82028\/revisions"}],"wp:featuredmedia":[{"embeddable":true,"href":"https:\/\/mediarun.com\/pl\/wp-json\/wp\/v2\/media\/82029"}],"wp:attachment":[{"href":"https:\/\/mediarun.com\/pl\/wp-json\/wp\/v2\/media?parent=82028"}],"wp:term":[{"taxonomy":"category","embeddable":true,"href":"https:\/\/mediarun.com\/pl\/wp-json\/wp\/v2\/categories?post=82028"},{"taxonomy":"post_tag","embeddable":true,"href":"https:\/\/mediarun.com\/pl\/wp-json\/wp\/v2\/tags?post=82028"}],"curies":[{"name":"wp","href":"https:\/\/api.w.org\/{rel}","templated":true}]}}