{"id":82012,"date":"2006-01-18T20:37:42","date_gmt":"2006-01-18T19:37:42","guid":{"rendered":"https:\/\/mediarun.com\/index.php\/news-posts\/gw-pozwie-wassermana\/"},"modified":"2006-01-18T20:37:42","modified_gmt":"2006-01-18T19:37:42","slug":"gw-pozwie-wassermana","status":"publish","type":"post","link":"https:\/\/mediarun.com\/pl\/media\/prasa\/gw-pozwie-wassermana.html","title":{"rendered":"GW pozwie Wassermana"},"content":{"rendered":"<p><B>O\u015bwiadczenie Zbigniewa Wassermanna:<\/B><\/p>\n<p>Ostatnie publikacje &#8222;Gazety Wyborczej&#8221; dotycz\u0105ce mojej osoby oraz sprawowanego przeze mnie urz\u0119du zawieraj\u0105 informacje, kt\u00f3re nie mog\u0105 by\u0107 odpowiedzialnie traktowane. Informacje te &#8211; pochodz\u0105ce od tzw. anonimowych informator\u00f3w &#8211; nie zosta\u0142y poddane wystarczaj\u0105cej weryfikacji z rzeczywisto\u015bci\u0105. Ponadto informacje s\u0105 mieszane ze stronniczymi komentarzami wskazuj\u0105cymi na instrumentaln\u0105 manipulacj\u0119 polityczn\u0105. Ta praktyka nie licuje z rzetelno\u015bci\u0105 dziennikarsk\u0105 i narusza art. 31 pkt 2 zdanie 1 Konstytucji RP (&#8222;Ka\u017cdy jest obowi\u0105zany szanowa\u0107 wolno\u015bci i prawa innych&#8221;).<\/p>\n<p>Swoista gra &#8222;Gazety Wyborczej&#8221; jest elementem zaci\u0119tej wojny, kt\u00f3r\u0105 toczy ona w celu ochrony uk\u0142adu ludzi w\u0142adzy, biznesu, mafii i s\u0142u\u017cb specjalnych. Uk\u0142ad ten &#8211; odkryty m.in. przez sejmow\u0105 komisj\u0119 ds. Orlenu &#8211; w sytuacji, gdy w\u0142adz\u0119 sprawuje rz\u0105d PiS, mo\u017ce by\u0107 skutecznie przez wymiar sprawiedliwo\u015bci rozliczony.<\/p>\n<p>Zbigniew Wassermann, Minister Koordynator ds. S\u0142u\u017cb Specjalnych<\/p>\n<p><B>O\u015bwiadczenie ministra Wassermana komentuje Helena \u0141uczywo:<\/B> <\/p>\n<p>O\u015bwiadczenie ministra Wassermanna to reakcja na informacj\u0119 &#8222;Gazety&#8221;, \u017ce poleci\u0142 on podleg\u0142ym s\u0142u\u017cbom zbiera\u0107 wykazy pods\u0142uch\u00f3w telefonicznych z ostatnich lat, a tak\u017ce wykazy os\u00f3b publicznych wyst\u0119puj\u0105cych w g\u0142o\u015bnych aferach i ich billingi. Minister przyzna\u0142, \u017ce to w\u0142a\u015bnie robi, a zarazem zarzuci\u0142 nam k\u0142amstwo. <\/p>\n<p>Nowy zarzut ministra, \u017ce chronimy kryminalny &#8222;uk\u0142ad ludzi w\u0142adzy, biznesu, mafii i s\u0142u\u017cb specjalnych&#8221;, r\u00f3wna si\u0119 oskar\u017ceniu &#8222;Gazety Wyborczej&#8221; o udzia\u0142 w przest\u0119pstwie. Zbigniew Wassermann odpowie za to oszczerstwo przed s\u0105dem.<\/p>\n<p>Wassermannowi rz\u0105dz\u0105ca partia powierzy\u0142a pot\u0119\u017cn\u0105 w\u0142adz\u0119. Dowodzi tajnymi s\u0142u\u017cbami. W ustach tak wysokiego funkcjonariusza oskar\u017cenie &#8222;Gazety&#8221; o ochron\u0119 przest\u0119pczego uk\u0142adu jest nadu\u017cyciem w\u0142adzy. Mo\u017ce te\u017c zapowiada\u0107 szykany wobec wolnej prasy.<\/p>\n<p>Pogr\u00f3\u017cki Wassermanna s\u0105 k\u0142amliwe tak\u017ce dlatego, \u017ce to &#8222;Gazeta&#8221; od lat demaskuje patologie, w kt\u00f3rych uczestnicz\u0105 &#8222;ludzie w\u0142adzy, biznesu, mafii i s\u0142u\u017cb specjalnych&#8221;.<\/p>\n<p>To &#8222;Gazeta&#8221; ujawni\u0142a korupcyjn\u0105 afer\u0119 Rywina, po kt\u00f3rej powsta\u0142a pierwsza w niepodleg\u0142ej Polsce sejmowa komisja \u015bledcza. Wysz\u0142o na jaw fa\u0142szowanie ustawy medialnej i przest\u0119pcza zmowa ludzi w\u0142adzy przeciw wolnym mediom.<\/p>\n<p>To r\u00f3wnie\u017c &#8222;Gazeta&#8221; &#8211; publikuj\u0105c relacj\u0119 by\u0142ego ministra skarbu o kulisach bezprawnego zatrzymania prezesa Orlenu &#8211; da\u0142a pocz\u0105tek wyja\u015bnianiu kolejnej afery z udzia\u0142em &#8222;ludzi w\u0142adzy, biznesu, mafii i s\u0142u\u017cb specjalnych&#8221;. Orlenowska komisja \u015bledcza ukaza\u0142a wiele patologii. Inna rzecz, \u017ce sta\u0142a si\u0119 te\u017c forum oskar\u017ce\u0144 bez pokrycia rzucanych na przeciwnik\u00f3w politycznych. W takich oskar\u017ceniach celowa\u0142 Zbigniew Wassermann i to go wywindowa\u0142o do w\u0142adzy. Dzisiaj grozi odwetem &#8222;Gazecie&#8221;, kt\u00f3ra krytykowa\u0142a go za tamte metody.<\/p>\n<p>&#8222;Gazeta&#8221; krytykowa\u0142a Wassermanna tak\u017ce za to, \u017ce przy pomocy prokuratur i s\u0105d\u00f3w m\u015bci si\u0119 na rzemie\u015blnikach, kt\u00f3rzy \u017ale zainstalowali mu w domu jacuzzi; \u017ce na dodatek nie odpu\u015bci\u0142 75-letniej te\u015bciowej jednego z nich. A swoje problemy por\u00f3wnuje do m\u0119cze\u0144stwa ks. Jerzego Popie\u0142uszki. Wassermann nie zaniecha\u0142 tego odwetu, nawet gdy zosta\u0142 zwierzchnikiem s\u0142u\u017cb specjalnych, czym o\u015bmiesza siebie i sw\u00f3j urz\u0105d.<\/p>\n<p>Zbigniew Wassermann nie jest godzien pe\u0142ni\u0107 tak wa\u017cnej funkcji w wolnym i demokratycznym pa\u0144stwie.<\/p>\n<p>Helena \u0141uczywo<\/p>\n","protected":false},"excerpt":{"rendered":"&#8222;Gazeta Wyborcza&#8221; pozwie Zbigniewa Wassermanna,  Koordynatora ds. S\u0142u\u017cb Specjalnych za wyg\u0142aszanie  k\u0142amliwych wed\u0142ug redakcji opinii o dzienniku. Przedstawiamy Pa\u0144stwu b\u0119d\u0105ce przedmiotem sporu o\u015bwiadczenie polityka prezentowane na \u0142amach &#8222;GW&#8221;  oraz oficjaln\u0105 reakcj\u0119 na nie Heleny \u0141uczywo.","protected":false},"author":1,"featured_media":82013,"comment_status":"open","ping_status":"closed","sticky":false,"template":"","format":"standard","meta":{"csco_display_header_overlay":false,"csco_singular_sidebar":"","csco_page_header_type":"","csco_page_load_nextpost":"","csco_post_video_location":[],"csco_post_video_location_hash":"","csco_post_video_url":"","csco_post_video_bg_start_time":0,"csco_post_video_bg_end_time":0,"footnotes":""},"categories":[9673],"tags":[],"class_list":{"0":"post-82012","1":"post","2":"type-post","3":"status-publish","4":"format-standard","5":"has-post-thumbnail","7":"category-prasa","8":"cs-entry","9":"cs-video-wrap"},"_links":{"self":[{"href":"https:\/\/mediarun.com\/pl\/wp-json\/wp\/v2\/posts\/82012","targetHints":{"allow":["GET"]}}],"collection":[{"href":"https:\/\/mediarun.com\/pl\/wp-json\/wp\/v2\/posts"}],"about":[{"href":"https:\/\/mediarun.com\/pl\/wp-json\/wp\/v2\/types\/post"}],"author":[{"embeddable":true,"href":"https:\/\/mediarun.com\/pl\/wp-json\/wp\/v2\/users\/1"}],"replies":[{"embeddable":true,"href":"https:\/\/mediarun.com\/pl\/wp-json\/wp\/v2\/comments?post=82012"}],"version-history":[{"count":0,"href":"https:\/\/mediarun.com\/pl\/wp-json\/wp\/v2\/posts\/82012\/revisions"}],"wp:featuredmedia":[{"embeddable":true,"href":"https:\/\/mediarun.com\/pl\/wp-json\/wp\/v2\/media\/82013"}],"wp:attachment":[{"href":"https:\/\/mediarun.com\/pl\/wp-json\/wp\/v2\/media?parent=82012"}],"wp:term":[{"taxonomy":"category","embeddable":true,"href":"https:\/\/mediarun.com\/pl\/wp-json\/wp\/v2\/categories?post=82012"},{"taxonomy":"post_tag","embeddable":true,"href":"https:\/\/mediarun.com\/pl\/wp-json\/wp\/v2\/tags?post=82012"}],"curies":[{"name":"wp","href":"https:\/\/api.w.org\/{rel}","templated":true}]}}