{"id":81988,"date":"2006-01-18T23:13:29","date_gmt":"2006-01-18T22:13:29","guid":{"rendered":"https:\/\/mediarun.com\/index.php\/news-posts\/rada-etyki-mediow-w-internecie\/"},"modified":"2006-01-18T23:13:29","modified_gmt":"2006-01-18T22:13:29","slug":"rada-etyki-mediow-w-internecie","status":"publish","type":"post","link":"https:\/\/mediarun.com\/pl\/media\/prasa\/rada-etyki-mediow-w-internecie.html","title":{"rendered":"Rada Etyki Medi\u00f3w w Internecie"},"content":{"rendered":"<p>Podczas konferencji, kt\u00f3r\u0105 wsp\u00f3lnie zorganizowa\u0142y REM i Konferencja Medi\u00f3w Polskich, oficjalnie uruchomiono stron\u0119 internetow\u0105: www.radaetykimediow.pl. <\/p>\n<p>Za po\u015brednictwem internetu mo\u017cna b\u0119dzie bowiem m.in. kontaktowa\u0107 si\u0119 z REM i na bie\u017c\u0105co poznawa\u0107 wydawane przez ni\u0105 stanowiska i dokumenty. Na stronie znajduje si\u0119 te\u017c wykaz os\u00f3b i instytucji, kt\u00f3re zwraca\u0142y si\u0119 do Rady z pro\u015bb\u0105 o interwencj\u0119 oraz spraw, jakie tam kierowano. <\/p>\n<p>Jak zapowiedzia\u0142 prezes PAP, w przysz\u0142o\u015bci planowane jest te\u017c wysy\u0142anie do medi\u00f3w okresowego newslettera z informacjami o bie\u017c\u0105cych dzia\u0142aniach Rady. <\/p>\n<p> Brak wra\u017cliwo\u015bci, profesjonalizmu oraz tzw. dawanie fa\u0142szywego \u015bwiadectwa &#8211; to, jak wynika z do\u015bwiadcze\u0144 Rady Etyki Medi\u00f3w (REM), najcz\u0119\u015bciej formu\u0142owane zarzuty pod adresem dziennikarzy.<br \/>\nW ubieg\u0142ym roku Rada rozpatrzy\u0142a ich blisko 200. <\/p>\n<p>We wtorek (17.1.2006) podczas konferencji prasowej w Centrum Prasowym PAP zaprezentowano raport z dzia\u0142alno\u015bci REM w 2005 r. <\/p>\n<p>Z do\u015bwiadcze\u0144 Rady wynika, \u017ce najwi\u0119cej skarg dotyczy dw\u00f3ch grup nieetycznych zachowa\u0144. Po pierwsze braku kultury i wra\u017cliwo\u015bci w\u015br\u00f3d dziennikarzy, po drugie braku profesjonalizmu i coraz cz\u0119\u015bciej braku wiedzy merytorycznej w zakresie tematu, nad kt\u00f3rym dziennikarz pracuje &#8211; powiedzia\u0142 wiceprzewodnicz\u0105cy Rady Maciej I\u0142owiecki. Jako inny wa\u017cny problem wskaza\u0142 dawanie fa\u0142szywego \u015bwiadectwa, bez p\u00f3\u017aniejszej pr\u00f3by naprawienia z\u0142a, bo oczywi\u015bcie dziennikarz ma prawo pope\u0142nia\u0107 b\u0142\u0119dy. Chodzi o pewn\u0105 manipulacj\u0119 informacj\u0105, tzn. podawanie p\u00f3\u0142prawd jako ca\u0142ej prawdy (&#8230;). Rzadziej mamy do czynienia z oczywistymi k\u0142amstwami, ale ich liczba zaczyna rosn\u0105\u0107 &#8211; podkre\u015bli\u0142 I\u0142owiecki. <\/p>\n<p>Przewodnicz\u0105ca REM, Magdalena Bajer przypomnia\u0142a, \u017ce Rada nie jest, nie mo\u017ce i nie chce by\u0107 \u017cadnym trybuna\u0142em. My jedynie opiniujemy przekaz &#8211; to, co od medi\u00f3w wychodzi do spo\u0142ecze\u0144stwa &#8211; podkre\u015bli\u0142a. Jednocze\u015bnie doda\u0142a, \u017ce nies\u0142uszne s\u0105 opinie, i\u017c Rada nie dorobi\u0142a si\u0119 autorytetu. Jak wyja\u015bni\u0142a s\u0105 dwa rodzaje oznak, kt\u00f3re mog\u0105 \u015bwiadczy\u0107, \u017ce jest przeciwnie. Jedn\u0105 z nich jest to, \u017ce autorzy lub zganione przez Rad\u0119 media z regu\u0142y uwa\u017caj\u0105 za stosowne si\u0119 t\u0142umaczy\u0107, z drugiej strony natomiast coraz wi\u0119cej odbiorc\u00f3w przekaz\u00f3w medialnych &#8211; osoby od w\u00f3jta do rzecznika rz\u0105du zwraca si\u0119 do Rady z pro\u015bb\u0105 o opini\u0119. <\/p>\n<p>Prezentacja raportu sta\u0142a si\u0119 te\u017c okazj\u0105 do dyskusji na temat tego, kto powinien pilnowa\u0107 etyki w mediach w kontek\u015bcie niedawnej nowelizacji tzw. ustaw medialnych, gdzie zapisano, \u017ce inicjowanie i podejmowanie dzia\u0142a\u0144 w zakresie ochrony zasad etyki dziennikarskiej jest jedn\u0105 z kompetencji Krajowej Rady Radiofonii i Telewizji. <\/p>\n<p>Wiceprzewodnicz\u0105cy REM Tadeusz Fredro-Boniecki podkre\u015bli\u0142, \u017ce reakcja sprzeciwu, kt\u00f3r\u0105 te zapisy wywo\u0142a\u0142y w \u015brodowiskach medi\u00f3w jest \u015bwiadectwem, i\u017c z kondycj\u0105 moraln\u0105 w naszym \u015brodowisku nie jest tak \u017ale. <\/p>\n<p>Natomiast prezes PAP Waldemar Siwi\u0144ski, przewodniczy Konferencji Medi\u00f3w Polskich, kt\u00f3ra powo\u0142a\u0142a REM, podkre\u015bli\u0142, \u017ce swoj\u0105 rol\u0119 w zakresie pilnowania przestrzegania zasad etycznych przez media Rada wype\u0142nia bardzo dobrze, robi\u0105c to bez \u017cadnego wsparcia, oprzyrz\u0105dowania, ustawy czy dotacji bud\u017cetowych (&#8230;). Jest to wielkie osi\u0105gni\u0119cie \u015brodowiska dziennikarskiego &#8211; powiedzia\u0142 Siwi\u0144ski. <\/p>\n<p>Zdaniem prezesa PAP, o znaczeniu Rady \u015bwiadczy\u0107 mo\u017ce sytuacja, z kt\u00f3r\u0105 mieli\u015bmy do czynienia niedawno, kiedy to zar\u00f3wno prezes telewizji, jak i rzecznik rz\u0105du, zwr\u00f3cili si\u0119 do Rady o rozstrzygni\u0119cie sporu (&#8230;). Trudno jest wskaza\u0107 wy\u017csze uznanie &#8211; doda\u0142. <\/p>\n<p>Chodzi o materia\u0142 na temat przed\u0142u\u017cenia misji polskich wojsk w Iraku, kt\u00f3ry nada\u0142y Wiadomo\u015bci TVP. Rzecznik rz\u0105du zarzuci\u0142 telewizji, \u017ce by\u0142 on stronniczy i m\u00f3g\u0142 naruszy\u0107 zasady etyki dziennikarskiej. REM stwierdzi\u0142a jednak, \u017ce materia\u0142 nie uchybi\u0142 \u017cadnej zasadzie zapisanej w Karcie Etycznej Medi\u00f3w. Rzecznik rz\u0105du przyj\u0105\u0142 opini\u0119 Rady. <\/p>\n","protected":false},"excerpt":{"rendered":"Rada Etyki Medi\u00f3w poinformowa\u0142a na konferencji prasowej o uruchomieniu witryny internetowej, dzi\u0119ki kt\u00f3rej b\u0119dzie na bie\u017c\u0105co informowa\u0142a o nieetycznych zachowaniach dziennikarzy. Jak powiedzia\u0142 prezes PAP, dzi\u0119ki uruchomieniu strony internetowej Rada odzyska\u0142a g\u0142os.","protected":false},"author":1,"featured_media":0,"comment_status":"open","ping_status":"closed","sticky":false,"template":"","format":"standard","meta":{"csco_display_header_overlay":false,"csco_singular_sidebar":"","csco_page_header_type":"","csco_page_load_nextpost":"","csco_post_video_location":[],"csco_post_video_location_hash":"","csco_post_video_url":"","csco_post_video_bg_start_time":0,"csco_post_video_bg_end_time":0,"footnotes":""},"categories":[9673],"tags":[],"class_list":{"0":"post-81988","1":"post","2":"type-post","3":"status-publish","4":"format-standard","6":"category-prasa","7":"cs-entry","8":"cs-video-wrap"},"_links":{"self":[{"href":"https:\/\/mediarun.com\/pl\/wp-json\/wp\/v2\/posts\/81988","targetHints":{"allow":["GET"]}}],"collection":[{"href":"https:\/\/mediarun.com\/pl\/wp-json\/wp\/v2\/posts"}],"about":[{"href":"https:\/\/mediarun.com\/pl\/wp-json\/wp\/v2\/types\/post"}],"author":[{"embeddable":true,"href":"https:\/\/mediarun.com\/pl\/wp-json\/wp\/v2\/users\/1"}],"replies":[{"embeddable":true,"href":"https:\/\/mediarun.com\/pl\/wp-json\/wp\/v2\/comments?post=81988"}],"version-history":[{"count":0,"href":"https:\/\/mediarun.com\/pl\/wp-json\/wp\/v2\/posts\/81988\/revisions"}],"wp:attachment":[{"href":"https:\/\/mediarun.com\/pl\/wp-json\/wp\/v2\/media?parent=81988"}],"wp:term":[{"taxonomy":"category","embeddable":true,"href":"https:\/\/mediarun.com\/pl\/wp-json\/wp\/v2\/categories?post=81988"},{"taxonomy":"post_tag","embeddable":true,"href":"https:\/\/mediarun.com\/pl\/wp-json\/wp\/v2\/tags?post=81988"}],"curies":[{"name":"wp","href":"https:\/\/api.w.org\/{rel}","templated":true}]}}