{"id":81974,"date":"2006-01-19T06:00:00","date_gmt":"2006-01-19T05:00:00","guid":{"rendered":"https:\/\/mediarun.com\/index.php\/news-posts\/media-trendy-nowa-edycja-konkursu\/"},"modified":"2006-01-19T06:00:00","modified_gmt":"2006-01-19T05:00:00","slug":"media-trendy-nowa-edycja-konkursu","status":"publish","type":"post","link":"https:\/\/mediarun.com\/pl\/wydarzenia\/media-trendy-nowa-edycja-konkursu.html","title":{"rendered":"Media Trendy: nowa edycja konkursu"},"content":{"rendered":"<p><P>&#8211; Konkursu Innowacji w Mass Mediach wyr\u00f3\u017cniaj\u0105cego powsta\u0142e z inicjatywy medi\u00f3w przedsi\u0119wzi\u0119cia o charakterze marketingowym, kt\u00f3rych celem jest podniesienie atrakcyjno\u015bci medium dla jego odbiorcy oraz dla reklamodawc\u00f3w (ta cz\u0119\u015b\u0107 konkursu jest skierowana szczeg\u00f3lnie do medi\u00f3w);<\/P><br \/>\n<P>&#8211; Konkursu Innowacji w Planowaniu Medi\u00f3w nagradzaj\u0105cych najciekawsze i najbardziej nowatorskie media plany oraz kreatywne sposoby wykorzystania medi\u00f3w w kampaniach reklamowych (ta cz\u0119\u015b\u0107 konkursu przeznaczona jest szczeg\u00f3lnie dla Dom\u00f3w Mediowych).<\/P><br \/>\n<P>Termin nadsy\u0142ania prac up\u0142ywa ostatecznie 17 lutego. Obrady dw\u00f3ch sk\u0142ad\u00f3w Jury odb\u0119d\u0105 si\u0119 31 lutego i 1 marca 2006. W zespole obraduj\u0105cym nad zg\u0142oszeniami do Konkursu Innowacji w Mediach znajduj\u0105 si\u0119:<\/P><br \/>\n<P>1. Ma\u0142gorzata Augustyniak&nbsp;&#8211; Vice Prezes Zarz\u0105du ds. Sprzeda\u017cy AMS<BR>2. Sylwester Bizacki &#8211; Zast\u0119pca Dyrektora ds. Promocji i Komunikacji Marketingowej TVP<BR>3. Izabela Bochenek &#8211; Dyrektor Zarz\u0105dzaj\u0105ca Edipresse<BR>4. Ewa Czeka\u0142a &#8211; Dyrektor Marketingu i PR 4Fun TV<BR>5. Jacek Czynajtis &#8211; Prezes Zarz\u0105du Domu Prasy Regionalnej Media Tak<BR>6. Lech Kaczo\u0144 &#8211; Prezes Rady Izby Gospodarczej Reklamy Zewn\u0119trznej w Polsce<BR>7. Ewa Kami\u0144ska&nbsp;&#8211; Lampart &#8211; Dyrektor Marketingu Dziennika Fakt<BR>8. Iwona Karpiuk &#8211; Szef Grupy Tytu\u0142\u00f3w ds. Marketingu w G+J<BR>9. Grzegorz Kiszluk &#8211; Redaktor Naczelny, Brief<BR>10. Mariusz Kuziak &#8211; Dyrektor Promocji, Interia<BR>11. Ewa Lis&nbsp;&#8211; PR Manager HP Polska<BR>12. Ewa \u0141abno-Falecka &#8211; Dyrektor PR Daimler Chrysler<BR>13. Jaros\u0142aw Matuszewski -Dyrektor Marketingu, Agora Czasopisma<BR>14. Krzysztof Najder &#8211; Partner w agencji Stratosfera<BR>15. Krzysztof Nepelski &#8211; Dyrektor Marketingu RMF FM<BR>16. Joanna Pawlak&nbsp;&#8211; Dyrektor Marketingu i Sprzeda\u017cy, Wirtualna Polska<BR>17. Piotr Pi\u0119tka &#8211; Cz\u0142onek Zarz\u0105du Starcom<BR>18. Marek Szafarz &#8211; Dyrektor Marketingu TVN<BR>19. Adam Tkaczyk &#8211; Vice Prezes Zarz\u0105du ds. Sprzeda\u017cy i Marketingu Str\u00f6er<BR>20. Grzegorz Wiejak &#8211; Dyrektor Promocji, Grupa radiowa Agory<BR>21. Grzegorz Witerski&nbsp;&#8211; Dyrektor Marketingu Aegis Media Central Services<BR>22. Piotr Zmelonek- Dyrektor Wydawniczy, Polityka<\/P><br \/>\n<P><BR>Natomiast w Jury cz\u0119\u015bci po\u015bwi\u0119conej Innowacji w Planowaniu Medi\u00f3w zasiadaj\u0105:<\/P><br \/>\n<P>1. Monika Kope\u0107 &#8211; New Business Manager Mediacom Warszawa<BR>2. Pawe\u0142 Sawicki &#8211; Prezes Media Direction OMD<BR>3. Marcin Dec &#8211; Media Director Initiative Warszawa<BR>4. Tomasz Che\u0142mecki &#8211; Prezes Starlink<BR>5. Szymon Marek &#8211; Dyrektor Zarz\u0105dzaj\u0105cy Optimedia<BR>6. Micha\u0142 Kali\u0144ski- Manager Zespo\u0142u ds. Sprzeda\u017cy TVP<BR>7. Monika Popio\u0142ek &#8211; Dyrektor Sprzeda\u017cy Agencyjnej AMS<BR>8. Jacek Makowski &#8211; Dyrektor Dzia\u0142u Sprzeda\u017cy ONET<BR>9. Maciej Brzozowski &#8211; Dyrektor PR Bauer<BR>10. Krzysztof Jaworski &#8211; Dyrektor RRM<BR>11. Jacek Hensler&nbsp;&#8211; Prezes BBDO Warszawa<BR>12. Kuba Kami\u0144ski &#8211; Partner i Dyr. Kreatywny Brain<BR>13. Krzysztof Albrychiewicz &#8211; Dyrektor Strategiczny DougFaber Family<BR>14. Bartek Bartoszek &#8211; Dyr. Kreatywny TBWA Warszawa<BR>15. Adam Nies\u0142uchowski &#8211; New Business Manager Red 8<BR>16. \u0141ukasz Kunz &#8211; Dyrektor Marketingu IKEA<BR>17. Barbara Radziwilska &#8211; Associate Director Corporate Marketing and Media- P&amp;G<BR>18. Katarzyna Kluk &#8211; Dyrektor Marketingu Nokia<BR>19. Rafa\u0142 Kunysz &#8211; Media i Marketing Communication Manager Cadbury Wedel<BR>20. Beata D\u0105browska&nbsp;&#8211; Website Administrator i Media Specialist Nestle<\/P><br \/>\n<P>Uroczysta Gala rozdania nagr\u00f3d odb\u0119dzie si\u0119 16 marca w budynku PKOl w Warszawie.<\/P><br \/>\n<P>Partnerami Strategicznymi konkursu s\u0105 Agora i TVP, wspieraj\u0105cymi: New Age Media i Insignia, patronami medialnymi Brief i Polityka.<\/P><br \/>\n<P>Wi\u0119cej informacji na stronie <A href=\"http:\/\/www.mediatrendy.pl\">www.mediatrendy.pl<\/A>.<\/P><\/p>\n","protected":false},"excerpt":{"rendered":"Konkurs organizowany przez Stowarzyszenie Agencji Reklamowych i Agencj\u0119 Eskadra, sk\u0142ada si\u0119 z dw\u00f3ch cz\u0119\u015bci&#8230;","protected":false},"author":1,"featured_media":81975,"comment_status":"open","ping_status":"closed","sticky":false,"template":"","format":"standard","meta":{"csco_display_header_overlay":false,"csco_singular_sidebar":"","csco_page_header_type":"","csco_page_load_nextpost":"","csco_post_video_location":[],"csco_post_video_location_hash":"","csco_post_video_url":"","csco_post_video_bg_start_time":0,"csco_post_video_bg_end_time":0,"footnotes":""},"categories":[46],"tags":[198],"class_list":{"0":"post-81974","1":"post","2":"type-post","3":"status-publish","4":"format-standard","5":"has-post-thumbnail","7":"category-wydarzenia","8":"tag-insignia","9":"cs-entry","10":"cs-video-wrap"},"_links":{"self":[{"href":"https:\/\/mediarun.com\/pl\/wp-json\/wp\/v2\/posts\/81974","targetHints":{"allow":["GET"]}}],"collection":[{"href":"https:\/\/mediarun.com\/pl\/wp-json\/wp\/v2\/posts"}],"about":[{"href":"https:\/\/mediarun.com\/pl\/wp-json\/wp\/v2\/types\/post"}],"author":[{"embeddable":true,"href":"https:\/\/mediarun.com\/pl\/wp-json\/wp\/v2\/users\/1"}],"replies":[{"embeddable":true,"href":"https:\/\/mediarun.com\/pl\/wp-json\/wp\/v2\/comments?post=81974"}],"version-history":[{"count":0,"href":"https:\/\/mediarun.com\/pl\/wp-json\/wp\/v2\/posts\/81974\/revisions"}],"wp:featuredmedia":[{"embeddable":true,"href":"https:\/\/mediarun.com\/pl\/wp-json\/wp\/v2\/media\/81975"}],"wp:attachment":[{"href":"https:\/\/mediarun.com\/pl\/wp-json\/wp\/v2\/media?parent=81974"}],"wp:term":[{"taxonomy":"category","embeddable":true,"href":"https:\/\/mediarun.com\/pl\/wp-json\/wp\/v2\/categories?post=81974"},{"taxonomy":"post_tag","embeddable":true,"href":"https:\/\/mediarun.com\/pl\/wp-json\/wp\/v2\/tags?post=81974"}],"curies":[{"name":"wp","href":"https:\/\/api.w.org\/{rel}","templated":true}]}}