{"id":81963,"date":"2006-01-19T06:00:00","date_gmt":"2006-01-19T05:00:00","guid":{"rendered":"https:\/\/mediarun.com\/index.php\/news-posts\/imac-i-spolka-z-intelem\/"},"modified":"2006-01-19T06:00:00","modified_gmt":"2006-01-19T05:00:00","slug":"imac-i-spolka-z-intelem","status":"publish","type":"post","link":"https:\/\/mediarun.com\/pl\/marketing\/pr\/imac-i-spolka-z-intelem.html","title":{"rendered":"iMac i sp\u00f3\u0142ka z Intelem"},"content":{"rendered":"<p><P>Konstrukcja nowego iMaca zbudowana jest w oparciu o dwurdzeniowy procesor Intel Core Duo oraz kart\u0119 graficzn\u0105 ATI Radeon X1600. Ponadto producent wyposa\u017cy\u0142 komputer w 512 MB pami\u0119ci RAM oraz wbudowan\u0105 kamer\u0119 iSight.<\/P><br \/>\n<P>W cenie 1 299 USD producent oferuje model wyposa\u017cony w 17-calowy ekran, procesor taktowany zegarem 1,83 GHz i dysk twardy o pojemno\u015bci 160 GB. Mocniejszy iMac z 20-calowym wy\u015bwietlaczem, procesorem 2.0 GHz oraz dyskiem twardym o pojemno\u015bci 250 GB kosztuje 1 699 USD.<\/P><br \/>\n<P>Na pocz\u0105tku tygodnia SAD sp. z o.o., wy\u0142\u0105czny przedstawiciel Apple w Polsce, og\u0142osi\u0142 swoje ceny na nowe modele komputer\u00f3w: iMac Intel Core Duo 1,83 GHz, 17&#8243; &#8211; 5699 z\u0142, iMac Intel Core Duo 2,0 GHz, 20&#8243; &#8211; 7399 z\u0142, MacBook Pro 1,67 GHz &#8211; 8599 z\u0142 i MacBook Pro 1,83 GHz &#8211; 10599 z\u0142.<\/P><\/p>\n","protected":false},"excerpt":{"rendered":"Firma Apple wprowadzi\u0142a do sprzeda\u017cy nowy model komputera biurkowego iMac, kt\u00f3ry wyposa\u017cony jest w procesor firmy Intel.","protected":false},"author":1,"featured_media":81964,"comment_status":"open","ping_status":"closed","sticky":false,"template":"","format":"standard","meta":{"csco_display_header_overlay":false,"csco_singular_sidebar":"","csco_page_header_type":"","csco_page_load_nextpost":"","csco_post_video_location":[],"csco_post_video_location_hash":"","csco_post_video_url":"","csco_post_video_bg_start_time":0,"csco_post_video_bg_end_time":0,"footnotes":""},"categories":[9648],"tags":[],"class_list":{"0":"post-81963","1":"post","2":"type-post","3":"status-publish","4":"format-standard","5":"has-post-thumbnail","7":"category-pr","8":"cs-entry","9":"cs-video-wrap"},"_links":{"self":[{"href":"https:\/\/mediarun.com\/pl\/wp-json\/wp\/v2\/posts\/81963","targetHints":{"allow":["GET"]}}],"collection":[{"href":"https:\/\/mediarun.com\/pl\/wp-json\/wp\/v2\/posts"}],"about":[{"href":"https:\/\/mediarun.com\/pl\/wp-json\/wp\/v2\/types\/post"}],"author":[{"embeddable":true,"href":"https:\/\/mediarun.com\/pl\/wp-json\/wp\/v2\/users\/1"}],"replies":[{"embeddable":true,"href":"https:\/\/mediarun.com\/pl\/wp-json\/wp\/v2\/comments?post=81963"}],"version-history":[{"count":0,"href":"https:\/\/mediarun.com\/pl\/wp-json\/wp\/v2\/posts\/81963\/revisions"}],"wp:featuredmedia":[{"embeddable":true,"href":"https:\/\/mediarun.com\/pl\/wp-json\/wp\/v2\/media\/81964"}],"wp:attachment":[{"href":"https:\/\/mediarun.com\/pl\/wp-json\/wp\/v2\/media?parent=81963"}],"wp:term":[{"taxonomy":"category","embeddable":true,"href":"https:\/\/mediarun.com\/pl\/wp-json\/wp\/v2\/categories?post=81963"},{"taxonomy":"post_tag","embeddable":true,"href":"https:\/\/mediarun.com\/pl\/wp-json\/wp\/v2\/tags?post=81963"}],"curies":[{"name":"wp","href":"https:\/\/api.w.org\/{rel}","templated":true}]}}