{"id":81954,"date":"2006-01-19T06:00:00","date_gmt":"2006-01-19T05:00:00","guid":{"rendered":"https:\/\/mediarun.com\/index.php\/news-posts\/przekroj-w-rekach-naftowego-giganta\/"},"modified":"2006-01-19T06:00:00","modified_gmt":"2006-01-19T05:00:00","slug":"przekroj-w-rekach-naftowego-giganta","status":"publish","type":"post","link":"https:\/\/mediarun.com\/pl\/media\/prasa\/przekroj-w-rekach-naftowego-giganta.html","title":{"rendered":"Przekr\u00f3j w r\u0119kach naftowego giganta?"},"content":{"rendered":"<p>&#8211; Czy Zwierciad\u0142o b\u0119dzie mia\u0142o braciszka o imieniu Przekr\u00f3j? Z nieoficjalnych \u017ar\u00f3de\u0142 dowiedzia\u0142em si\u0119 wczoraj, \u017ce wydawnictwo Edipresse Polska ju\u017c sprzeda\u0142o lub jest w trakcie rozm\u00f3w o sprzeda\u017cy swojego tygodnika spo\u0142eczno-kulturalnego &#8211; napisa\u0142 w \u015brod\u0119 w swoim internetowym blogu Krzysztof Urbanowicz, szef firmy Mediapolis zajmuj\u0105cej si\u0119 m.in. doradztwem na rynku prasowym. <BR><BR>Plotki o tym, \u017ce J&amp;S chce kupi\u0107 tygodnik (w kuluarach m\u00f3wi si\u0119 o Przekroju albo Ozonie), kr\u0105\u017c\u0105 ju\u017c od dawna, ale na pocz\u0105tku tego roku szczeg\u00f3lnie przybra\u0142y na sile. Naftowy gigant stanowczo zaprzecza transakcji. &#8211; J&amp;S nie zamierza kupowa\u0107 \u017cadnego tytu\u0142u prasowego, bo handluje rop\u0105. Nic mi te\u017c nie wiadomo o tym, \u017ceby Przekr\u00f3j mia\u0142a kupi\u0107 jaka\u015b powi\u0105zana z J&amp;S sp\u00f3\u0142ka &#8211; m\u00f3wi Maciej Gorzeli\u0144ski z zarz\u0105du agencji public relations MDI obs\u0142uguj\u0105cej J&amp;S. &#8211; Edipresse jest ju\u017c zm\u0119czony plotkami na temat Przekroju, trwaj\u0105 one od dawna i naszym zdaniem s\u0105 nieuzasadnione &#8211; powiedzia\u0142 nam Marcin Fedisz, rzecznik Edipresse Polska.<BR><BR>Pisz\u0105c &#8222;J&amp;S&#8221;, Krzysztof Urbanowicz dokona\u0142 prawdopodobnie skr\u00f3tu my\u015blowego, gdy\u017c Magda Jankilewicz &#8211; \u017cona jednego z udzia\u0142owc\u00f3w tej firmy Grzegorza Jankilewicza &#8211; od 2001 r. wydaje magazyn Zwierciad\u0142o. Zatem zakup Przekroju, o ile w og\u00f3le mia\u0142oby do niego doj\u015b\u0107, by\u0142by raczej domen\u0105 wydawnictwa Zwierciad\u0142o. Jednak Wioletta Skawi\u0144ska, wiceprezes wydawnictwa Zwierciad\u0142o, pocz\u0105tkowo nie chcia\u0142a skomentowa\u0107 tych doniesie\u0144, a nast\u0119pnie je zdementowa\u0142a.<BR><BR>J&amp;S dzia\u0142a w bran\u017cy energetycznej i wraz ze sp\u00f3\u0142kami zale\u017cnymi (zarejestrowanymi m.in. na Cyprze, w Rosji i Luksemburgu) handluje m.in. rop\u0105, produkcj\u0105 petrochemiczn\u0105, gazem p\u0142ynnym oraz pr\u0105dem. Jej za\u0142o\u017cycielami s\u0105 dwaj polscy obywatele rosyjskiego pochodzenia &#8211; 52-letni Grzegorz Jankilewicz oraz Wiaczes\u0142aw Smo\u0142okowski. O J&amp;S zrobi\u0142o si\u0119 g\u0142o\u015bno w 2004 r., po wybuchu afery Orlenu, gdy pos\u0142owie zorientowali si\u0119, \u017ce firma ta jest g\u0142\u00f3wnym dostawc\u0105 ropy do Polski. Wed\u0142ug Wprost przychody grupy w 2004 r. &#8222;wzros\u0142y do 10 mld dol.&#8221;.<BR><BR>Wed\u0142ug danych ZKDP sprzeda\u017c Przekroju wynios\u0142a w pa\u017adzierniku 76,07 tys. egzemplarzy i by\u0142a ni\u017csza o 24,53 proc. ni\u017c przed rokiem.<\/p>\n","protected":false},"excerpt":{"rendered":"Plotki na temat przysz\u0142o\u015bci Przekroju si\u0119 nasilaj\u0105. Wydawca pisma &#8211; Edipresse Polska &#8211; nie chce ich komentowa\u0107, ale uwa\u017ca je za &quot;nieuzasadnione&quot;.","protected":false},"author":1,"featured_media":81955,"comment_status":"open","ping_status":"closed","sticky":false,"template":"","format":"standard","meta":{"csco_display_header_overlay":false,"csco_singular_sidebar":"","csco_page_header_type":"","csco_page_load_nextpost":"","csco_post_video_location":[],"csco_post_video_location_hash":"","csco_post_video_url":"","csco_post_video_bg_start_time":0,"csco_post_video_bg_end_time":0,"footnotes":""},"categories":[9673],"tags":[],"class_list":{"0":"post-81954","1":"post","2":"type-post","3":"status-publish","4":"format-standard","5":"has-post-thumbnail","7":"category-prasa","8":"cs-entry","9":"cs-video-wrap"},"_links":{"self":[{"href":"https:\/\/mediarun.com\/pl\/wp-json\/wp\/v2\/posts\/81954","targetHints":{"allow":["GET"]}}],"collection":[{"href":"https:\/\/mediarun.com\/pl\/wp-json\/wp\/v2\/posts"}],"about":[{"href":"https:\/\/mediarun.com\/pl\/wp-json\/wp\/v2\/types\/post"}],"author":[{"embeddable":true,"href":"https:\/\/mediarun.com\/pl\/wp-json\/wp\/v2\/users\/1"}],"replies":[{"embeddable":true,"href":"https:\/\/mediarun.com\/pl\/wp-json\/wp\/v2\/comments?post=81954"}],"version-history":[{"count":0,"href":"https:\/\/mediarun.com\/pl\/wp-json\/wp\/v2\/posts\/81954\/revisions"}],"wp:featuredmedia":[{"embeddable":true,"href":"https:\/\/mediarun.com\/pl\/wp-json\/wp\/v2\/media\/81955"}],"wp:attachment":[{"href":"https:\/\/mediarun.com\/pl\/wp-json\/wp\/v2\/media?parent=81954"}],"wp:term":[{"taxonomy":"category","embeddable":true,"href":"https:\/\/mediarun.com\/pl\/wp-json\/wp\/v2\/categories?post=81954"},{"taxonomy":"post_tag","embeddable":true,"href":"https:\/\/mediarun.com\/pl\/wp-json\/wp\/v2\/tags?post=81954"}],"curies":[{"name":"wp","href":"https:\/\/api.w.org\/{rel}","templated":true}]}}