{"id":81941,"date":"2006-01-19T15:59:18","date_gmt":"2006-01-19T14:59:18","guid":{"rendered":"https:\/\/mediarun.com\/index.php\/news-posts\/kolejne-stacje-w-sieci-plusa\/"},"modified":"2006-01-19T15:59:18","modified_gmt":"2006-01-19T14:59:18","slug":"kolejne-stacje-w-sieci-plusa","status":"publish","type":"post","link":"https:\/\/mediarun.com\/pl\/media\/radio\/kolejne-stacje-w-sieci-plusa.html","title":{"rendered":"Kolejne stacje w sieci Plusa"},"content":{"rendered":"<p>Wicedyrektor sp\u00f3\u0142ki Radio Plus Polska Sp. z o.o., Sebastian Wojciechowski t\u0142umaczy nam, \u017ce rozg\u0142o\u015bnie dotychczas nale\u017ca\u0142y do sieci, ale na bazie przyj\u0119tej konkludentnie oferty. &#8211; Nowa umowa oznacza, \u017ce obie strony porozumia\u0142y si\u0119, co do tre\u015bci umowy, Ordynariusze poszczeg\u00f3lnych diecezji por\u00f3wnali oferty i zdecydowali si\u0119 na to by pozosta\u0107 w Plusie do czasu wyga\u015bni\u0119cia koncesji &#8211; wyja\u015bnia nam.<\/p>\n<p>&#8211; Dodatkowo diecezje zdecydowa\u0142y si\u0119 na obj\u0119cie udzia\u0142\u00f3w w Sp\u00f3\u0142ce Producenckiej Plus Polska, a zatem podmiocie, kt\u00f3ry produkuje program dla sieci Plus, a to oznacza powa\u017cne wsparcie i wzi\u0119cie odpowiedzialno\u015bci za produkowany program oraz ca\u0142\u0105 sie\u0107 &#8211; m\u00f3wi nam Sebastian Wojciechowski.<\/p>\n<p>Opr\u00f3cz Gliwic, Opola i Legnicy w sk\u0142ad sieci Plus wchodz\u0105 rozg\u0142o\u015bnie z Radomia, Kielc, Gda\u0144ska, Bydgoszczy, Gniezna, Gorzowa, G\u0142ogowa i Zielonej G\u00f3ry. &#8211; Poszerzenie sieci o kolejne stacje to potwierdzenie naszych wcze\u015bniejszych zapowiedzi, a jednocze\u015bnie konsekwentna realizacja przyj\u0119tej strategii jej rozwoju &#8211; uwa\u017ca Wojciechowski..<\/p>\n<p>Ad.point w komunikacie prasowym poinformowa\u0142, \u017ce g\u0142\u00f3wnymi powodami, dla kt\u00f3rych stacje podj\u0119\u0142y decyzj\u0119 o podpisaniu um\u00f3w to gwarancja zapewnienia lokalnego charakteru stacji oraz swoboda w budowie zespo\u0142\u00f3w redakcyjnych oraz znana i ceniona przez s\u0142uchaczy marka Radia Plus.<\/p>\n<p>&#8211; Stacja chce kontynuowa\u0107 dalsz\u0105, dobr\u0105 wsp\u00f3\u0142prac\u0119 z Ad.pointem, kt\u00f3ra przynios\u0142a wiele sukces\u00f3w rozg\u0142o\u015bni i gwarantuje Radiu Plus dalszy rozw\u00f3j &#8211; t\u0142umaczy ks. Sebastian Marecki, dyrektor Radia Plus Gliwice.<\/p>\n<p>Wed\u0142ug Stanis\u0142awa Oberta\u0144ca z Radia Plus Legnica marka Plusa ma du\u017c\u0105 warto\u015b\u0107 i stacja nie chcia\u0142a jej zmieni\u0107. &#8211; Chcemy by\u0107 opiniotw\u00f3rczym medium, kt\u00f3re jest wa\u017cnym \u015brodkiem przekazu, a gwarantuje nam to towarzystwo, w jakim znale\u017ali\u015bmy si\u0119 w ramach sieci oraz dotychczasowa wsp\u00f3\u0142praca, a tak\u017ce sama umowa z Ad.Pointem &#8211; wyja\u015bnia Obertaniec.<\/p>\n<p>Pod koniec roku rada programowa Radia Plus Polska &#8211; Zach\u00f3d Sp. z.o.o. i Sp\u00f3\u0142ka Producencka Plus Polska Sp. z.o.o., podj\u0119\u0142a decyzje dotycz\u0105ce rozszerzenia oferty programowej na swojej antenie. Radio Plus b\u0119dzie kontynuowa\u0107 religijny charakter emitowanego programu. &#8211; Rada opowiedzia\u0142a si\u0119 te\u017c za pe\u0142niejszym wykorzystaniem czasu lokalnego, jaki ka\u017cda ze stacji posiada do swojej dyspozycji, by program by\u0142 nie tylko atrakcyjny, ale i opiniotw\u00f3rczy &#8211; m\u00f3wi ks. Pawe\u0142 Gronowski, prezes Radia Plus Polska Zach\u00f3d Sp. z.o.o. <\/p>\n","protected":false},"excerpt":{"rendered":"Trzy kolejne stacje podj\u0119\u0142y decyzje o zwi\u0105zaniu si\u0119 sieci\u0105 Radia Plus. W czwartek Radio Plus Gliwice, Radio Plus Opole oraz Radio Plus Legnica podpisa\u0142y nowe umowy ze sp\u00f3\u0142k\u0105 Radio Plus Polska Sp. z o.o. dotycz\u0105ce wsp\u00f3\u0142pracy franczyzowej. To kolejne stacje, kt\u00f3re zawar\u0142y umowy z sieci\u0105 Plusa.","protected":false},"author":1,"featured_media":81942,"comment_status":"open","ping_status":"closed","sticky":false,"template":"","format":"standard","meta":{"csco_display_header_overlay":false,"csco_singular_sidebar":"","csco_page_header_type":"","csco_page_load_nextpost":"","csco_post_video_location":[],"csco_post_video_location_hash":"","csco_post_video_url":"","csco_post_video_bg_start_time":0,"csco_post_video_bg_end_time":0,"footnotes":""},"categories":[9672],"tags":[],"class_list":{"0":"post-81941","1":"post","2":"type-post","3":"status-publish","4":"format-standard","5":"has-post-thumbnail","7":"category-radio","8":"cs-entry","9":"cs-video-wrap"},"_links":{"self":[{"href":"https:\/\/mediarun.com\/pl\/wp-json\/wp\/v2\/posts\/81941","targetHints":{"allow":["GET"]}}],"collection":[{"href":"https:\/\/mediarun.com\/pl\/wp-json\/wp\/v2\/posts"}],"about":[{"href":"https:\/\/mediarun.com\/pl\/wp-json\/wp\/v2\/types\/post"}],"author":[{"embeddable":true,"href":"https:\/\/mediarun.com\/pl\/wp-json\/wp\/v2\/users\/1"}],"replies":[{"embeddable":true,"href":"https:\/\/mediarun.com\/pl\/wp-json\/wp\/v2\/comments?post=81941"}],"version-history":[{"count":0,"href":"https:\/\/mediarun.com\/pl\/wp-json\/wp\/v2\/posts\/81941\/revisions"}],"wp:featuredmedia":[{"embeddable":true,"href":"https:\/\/mediarun.com\/pl\/wp-json\/wp\/v2\/media\/81942"}],"wp:attachment":[{"href":"https:\/\/mediarun.com\/pl\/wp-json\/wp\/v2\/media?parent=81941"}],"wp:term":[{"taxonomy":"category","embeddable":true,"href":"https:\/\/mediarun.com\/pl\/wp-json\/wp\/v2\/categories?post=81941"},{"taxonomy":"post_tag","embeddable":true,"href":"https:\/\/mediarun.com\/pl\/wp-json\/wp\/v2\/tags?post=81941"}],"curies":[{"name":"wp","href":"https:\/\/api.w.org\/{rel}","templated":true}]}}