{"id":81926,"date":"2006-01-19T22:42:48","date_gmt":"2006-01-19T21:42:48","guid":{"rendered":"https:\/\/mediarun.com\/index.php\/news-posts\/reaktywacja-krakowskiego-salonu-polityki\/"},"modified":"2006-01-19T22:42:48","modified_gmt":"2006-01-19T21:42:48","slug":"reaktywacja-krakowskiego-salonu-polityki","status":"publish","type":"post","link":"https:\/\/mediarun.com\/pl\/media\/prasa\/reaktywacja-krakowskiego-salonu-polityki.html","title":{"rendered":"Reaktywacja krakowskiego Salonu Polityki"},"content":{"rendered":"<p>Rusza kolejny nowy Salon Polityki, tym razem w Poznaniu 31 stycznia 2006 wystartuje Salon Polityki w Poznaniu. Miejscem Salonu b\u0119dzie Platforma Artystyczna O.B.O.R.A.,  a jego gospodarzem Piotr Sarzy\u0144ski. Salon b\u0119dzie mia\u0142 profil kulturalny. Na pierwszym spotkaniu, tradycyjnie,  zaprezentuje si\u0119 redakcja w  gronie: Jerzy Baczy\u0144ski, Jacek \u017bakowski, Wies\u0142aw W\u0142adyka, Zdzis\u0142aw Pietrasik.  (Platforma Artystyczna O.B.O.R.A. ul. Fredry 12, godz. 18:00)<\/p>\n<p>Pierwszy Salon Polityki wystartowa\u0142 w Krakowie w 2001 roku, potem powstawa\u0142y kolejno we Wroc\u0142awiu, Bia\u0142ymstoku,  Elbl\u0105gu, Sopocie, Pile, Lublinie, Katowicach, \u0141odzi. Najnowszy dziesi\u0105ty to Salon w Poznaniu. <\/p>\n","protected":false},"excerpt":{"rendered":"27 stycznia 2006, po kilkumiesi\u0119cznej przerwie, reaktywowany zostanie Salon Polityki w Krakowie.\nJanina Paradowska, kt\u00f3ra jest gospodarzem Salonu, b\u0119dzie zaprasza\u0107 swoich go\u015bci do Piwnicy pod Baranami.\nJako pierwszy w nowym miejscu wyst\u0105pi premier Kazimierz Marcinkiewicz. (Piwnica pod Baranami, Rynek G\u0142\u00f3wny 25, godz. 19:00)","protected":false},"author":1,"featured_media":0,"comment_status":"open","ping_status":"closed","sticky":false,"template":"","format":"standard","meta":{"csco_display_header_overlay":false,"csco_singular_sidebar":"","csco_page_header_type":"","csco_page_load_nextpost":"","csco_post_video_location":[],"csco_post_video_location_hash":"","csco_post_video_url":"","csco_post_video_bg_start_time":0,"csco_post_video_bg_end_time":0,"footnotes":""},"categories":[9673],"tags":[],"class_list":{"0":"post-81926","1":"post","2":"type-post","3":"status-publish","4":"format-standard","6":"category-prasa","7":"cs-entry","8":"cs-video-wrap"},"_links":{"self":[{"href":"https:\/\/mediarun.com\/pl\/wp-json\/wp\/v2\/posts\/81926","targetHints":{"allow":["GET"]}}],"collection":[{"href":"https:\/\/mediarun.com\/pl\/wp-json\/wp\/v2\/posts"}],"about":[{"href":"https:\/\/mediarun.com\/pl\/wp-json\/wp\/v2\/types\/post"}],"author":[{"embeddable":true,"href":"https:\/\/mediarun.com\/pl\/wp-json\/wp\/v2\/users\/1"}],"replies":[{"embeddable":true,"href":"https:\/\/mediarun.com\/pl\/wp-json\/wp\/v2\/comments?post=81926"}],"version-history":[{"count":0,"href":"https:\/\/mediarun.com\/pl\/wp-json\/wp\/v2\/posts\/81926\/revisions"}],"wp:attachment":[{"href":"https:\/\/mediarun.com\/pl\/wp-json\/wp\/v2\/media?parent=81926"}],"wp:term":[{"taxonomy":"category","embeddable":true,"href":"https:\/\/mediarun.com\/pl\/wp-json\/wp\/v2\/categories?post=81926"},{"taxonomy":"post_tag","embeddable":true,"href":"https:\/\/mediarun.com\/pl\/wp-json\/wp\/v2\/tags?post=81926"}],"curies":[{"name":"wp","href":"https:\/\/api.w.org\/{rel}","templated":true}]}}