{"id":81916,"date":"2006-01-19T23:03:26","date_gmt":"2006-01-19T22:03:26","guid":{"rendered":"https:\/\/mediarun.com\/index.php\/news-posts\/giganci-europy-centralnej\/"},"modified":"2006-01-19T23:03:26","modified_gmt":"2006-01-19T22:03:26","slug":"giganci-europy-centralnej","status":"publish","type":"post","link":"https:\/\/mediarun.com\/pl\/media\/prasa\/giganci-europy-centralnej.html","title":{"rendered":"Giganci Europy Centralnej"},"content":{"rendered":"<p>Ranking zatytu\u0142owany GIGANCI EUROPY CENTRALNEJ zawiera zestawienie najwi\u0119kszych firm z 13 kraj\u00f3w naszego regionu. Lista Gigant\u00f3w powsta\u0142a we wsp\u00f3\u0142pracy z mi\u0119dzynarodow\u0105 wywiadowni\u0105 gospodarcz\u0105 Dun &#038; Bradstreet oraz z 10 dziennikami biznesowymi, nale\u017c\u0105cymi do grupy wydawniczej Bonnier w ca\u0142ej Europie.<\/p>\n<p>20 stycznia w Warszawie odb\u0119dzie si\u0119 uroczysto\u015b\u0107 wr\u0119czenia nagr\u00f3d liderom rankingu poprzedzona ca\u0142odzienn\u0105 konferencj\u0105 nt. &#8222;Rola wielkich firm w rozwoju region\u00f3w Europy \u015arodkowo &#8211; Wschodniej&#8221;. <\/p>\n<p>Konferencja zosta\u0142a przygotowana pod patronatem merytorycznym Profesora Leszka Balcerowicza. Sw\u00f3j udzia\u0142 potwierdzili m.in. Lech Wa\u0142\u0119sa, Danuta Hubner, Hanna Gronkiewicz-Waltz, Henryka Bochniarz, Janusz Lewandowski, Robert Gwiazdowski oraz prezesi najwi\u0119kszych firm polskich i zagranicznych notowanych w zestawieniu Giganci Europy Centralnej. Udzia\u0142 w konferencji zapowiedzia\u0142 tak\u017ce Premier Kazimierz Marcinkiewicz.<\/p>\n","protected":false},"excerpt":{"rendered":"W pi\u0105tek dziennik &#8222;Puls Biznesu&#8221; opublikuje sw\u00f3j najnowszy ranking najwi\u0119kszych firm z regionu Europy \u015arodkowo &#8211; Wschodniej.","protected":false},"author":1,"featured_media":0,"comment_status":"open","ping_status":"closed","sticky":false,"template":"","format":"standard","meta":{"csco_display_header_overlay":false,"csco_singular_sidebar":"","csco_page_header_type":"","csco_page_load_nextpost":"","csco_post_video_location":[],"csco_post_video_location_hash":"","csco_post_video_url":"","csco_post_video_bg_start_time":0,"csco_post_video_bg_end_time":0,"footnotes":""},"categories":[9673],"tags":[],"class_list":{"0":"post-81916","1":"post","2":"type-post","3":"status-publish","4":"format-standard","6":"category-prasa","7":"cs-entry","8":"cs-video-wrap"},"_links":{"self":[{"href":"https:\/\/mediarun.com\/pl\/wp-json\/wp\/v2\/posts\/81916","targetHints":{"allow":["GET"]}}],"collection":[{"href":"https:\/\/mediarun.com\/pl\/wp-json\/wp\/v2\/posts"}],"about":[{"href":"https:\/\/mediarun.com\/pl\/wp-json\/wp\/v2\/types\/post"}],"author":[{"embeddable":true,"href":"https:\/\/mediarun.com\/pl\/wp-json\/wp\/v2\/users\/1"}],"replies":[{"embeddable":true,"href":"https:\/\/mediarun.com\/pl\/wp-json\/wp\/v2\/comments?post=81916"}],"version-history":[{"count":0,"href":"https:\/\/mediarun.com\/pl\/wp-json\/wp\/v2\/posts\/81916\/revisions"}],"wp:attachment":[{"href":"https:\/\/mediarun.com\/pl\/wp-json\/wp\/v2\/media?parent=81916"}],"wp:term":[{"taxonomy":"category","embeddable":true,"href":"https:\/\/mediarun.com\/pl\/wp-json\/wp\/v2\/categories?post=81916"},{"taxonomy":"post_tag","embeddable":true,"href":"https:\/\/mediarun.com\/pl\/wp-json\/wp\/v2\/tags?post=81916"}],"curies":[{"name":"wp","href":"https:\/\/api.w.org\/{rel}","templated":true}]}}