{"id":81908,"date":"2006-01-19T23:25:55","date_gmt":"2006-01-19T22:25:55","guid":{"rendered":"https:\/\/mediarun.com\/index.php\/news-posts\/marek-znow-na-wolnosci\/"},"modified":"2006-01-19T23:25:55","modified_gmt":"2006-01-19T22:25:55","slug":"marek-znow-na-wolnosci","status":"publish","type":"post","link":"https:\/\/mediarun.com\/pl\/media\/prasa\/marek-znow-na-wolnosci.html","title":{"rendered":"Marek zn\u00f3w na wolno\u015bci"},"content":{"rendered":"<p>&#8211; Trybuna\u0142 ma takie prawo, je\u015bli wi\u0119zienie wi\u0105\u017ce si\u0119 z du\u017cym uszczerbkiem dla skazanego i je\u015bli za tak\u0105 decyzj\u0105 przemawia wa\u017cny interes publiczny lub interes autora skargi. Z mo\u017cliwo\u015bci wstrzymania wykonania kary Trybuna\u0142 skorzysta\u0142 po raz pierwszy w historii. &#8211; czytamy w &#8222;Rzeczpospolitej&#8221;<\/p>\n<p>&#8211; Jestem szcz\u0119\u015bliwy &#8211; powiedzia\u0142 &#8222;Rz&#8221; Marek po wyj\u015bciu z aresztu, w kt\u00f3rym siedzia\u0142 od poniedzia\u0142ku. Jak twierdzi, nie by\u0142 do ko\u0144ca zaskoczony takim obrotem spraw, bo wierzy\u0142, \u017ce &#8222;s\u0105 takie si\u0142y i politycy, kt\u00f3rzy nie zaakceptowali jego pobytu w wi\u0119zieniu&#8221;. <\/p>\n<p>&#8211; Przeciwko uwi\u0119zieniu Andrzeja Marka zaprotestowa\u0142 ostatnio Komitet Ochrony Dziennikarzy (Committee to Protect Journalists). Nazwa\u0142 areszt dziennikarza &#8222;policzkiem dla polskiej demokracji&#8221;. &#8211; pisze &#8222;Rzeczpospolita&#8221;<\/p>\n","protected":false},"excerpt":{"rendered":"Trybuna\u0142 Konstytucyjny przyj\u0105\u0142 skarg\u0119 dziennikarza Andrzeja Marka z Polic. Dzi\u0119ki temu m\u00f3g\u0142 on opu\u015bci\u0107 areszt. Marek zosta\u0142 skazany na trzy miesi\u0105ce wi\u0119zienia za pom\u00f3wienia urz\u0119dnika.","protected":false},"author":1,"featured_media":0,"comment_status":"open","ping_status":"closed","sticky":false,"template":"","format":"standard","meta":{"csco_display_header_overlay":false,"csco_singular_sidebar":"","csco_page_header_type":"","csco_page_load_nextpost":"","csco_post_video_location":[],"csco_post_video_location_hash":"","csco_post_video_url":"","csco_post_video_bg_start_time":0,"csco_post_video_bg_end_time":0,"footnotes":""},"categories":[9673],"tags":[],"class_list":{"0":"post-81908","1":"post","2":"type-post","3":"status-publish","4":"format-standard","6":"category-prasa","7":"cs-entry","8":"cs-video-wrap"},"_links":{"self":[{"href":"https:\/\/mediarun.com\/pl\/wp-json\/wp\/v2\/posts\/81908","targetHints":{"allow":["GET"]}}],"collection":[{"href":"https:\/\/mediarun.com\/pl\/wp-json\/wp\/v2\/posts"}],"about":[{"href":"https:\/\/mediarun.com\/pl\/wp-json\/wp\/v2\/types\/post"}],"author":[{"embeddable":true,"href":"https:\/\/mediarun.com\/pl\/wp-json\/wp\/v2\/users\/1"}],"replies":[{"embeddable":true,"href":"https:\/\/mediarun.com\/pl\/wp-json\/wp\/v2\/comments?post=81908"}],"version-history":[{"count":0,"href":"https:\/\/mediarun.com\/pl\/wp-json\/wp\/v2\/posts\/81908\/revisions"}],"wp:attachment":[{"href":"https:\/\/mediarun.com\/pl\/wp-json\/wp\/v2\/media?parent=81908"}],"wp:term":[{"taxonomy":"category","embeddable":true,"href":"https:\/\/mediarun.com\/pl\/wp-json\/wp\/v2\/categories?post=81908"},{"taxonomy":"post_tag","embeddable":true,"href":"https:\/\/mediarun.com\/pl\/wp-json\/wp\/v2\/tags?post=81908"}],"curies":[{"name":"wp","href":"https:\/\/api.w.org\/{rel}","templated":true}]}}