{"id":81906,"date":"2006-01-19T23:30:16","date_gmt":"2006-01-19T22:30:16","guid":{"rendered":"https:\/\/mediarun.com\/index.php\/news-posts\/linie-lotnicze-dla-grupy-podroze-tv\/"},"modified":"2006-01-19T23:30:16","modified_gmt":"2006-01-19T22:30:16","slug":"linie-lotnicze-dla-grupy-podroze-tv","status":"publish","type":"post","link":"https:\/\/mediarun.com\/pl\/media\/tv\/linie-lotnicze-dla-grupy-podroze-tv.html","title":{"rendered":"Linie lotnicze dla grupy Podr\u00f3\u017ce TV"},"content":{"rendered":"<p>&#8211; Inwestor odkupi\u0142 wszystkie udzia\u0142y Fischer Air Polska od czeskiej firmy K&#038;K Capital Group, nale\u017c\u0105cej do przedsi\u0119biorcy Karela Komarka. Nowi w\u0142a\u015bciciele zapowiadaj\u0105, \u017ce przej\u0119cie sp\u00f3\u0142ki nie wp\u0142ynie na dzia\u0142alno\u015b\u0107 operacyjn\u0105 linii. &#8211; pisze dziennik<\/p>\n<p>&#8211; Nie b\u0119dzie \u017cadnych zmian w stosunku do naszych kontrahent\u00f3w i pasa\u017cer\u00f3w &#8211; m\u00f3wi &#8222;Rz&#8221; Artur J\u0119drzejewski, przedstawiciel funduszu. <\/p>\n","protected":false},"excerpt":{"rendered":"Jak poinformowa\u0142a czwartkowa &#8222;Rzeczpospolita&#8221; sp\u00f3\u0142ka Podr\u00f3\u017ce TV zosta\u0142a nowym w\u0142a\u015bcicielem linii lotniczych Fischer Air Polska. Podr\u00f3\u017ce TV nale\u017cy do funduszu Carlson Private Equity, kt\u00f3ry powi\u0105zany jest z brytyjsk\u0105 grup\u0105 My Travel.","protected":false},"author":1,"featured_media":81907,"comment_status":"open","ping_status":"closed","sticky":false,"template":"","format":"standard","meta":{"csco_display_header_overlay":false,"csco_singular_sidebar":"","csco_page_header_type":"","csco_page_load_nextpost":"","csco_post_video_location":[],"csco_post_video_location_hash":"","csco_post_video_url":"","csco_post_video_bg_start_time":0,"csco_post_video_bg_end_time":0,"footnotes":""},"categories":[9670],"tags":[],"class_list":{"0":"post-81906","1":"post","2":"type-post","3":"status-publish","4":"format-standard","5":"has-post-thumbnail","7":"category-tv","8":"cs-entry","9":"cs-video-wrap"},"_links":{"self":[{"href":"https:\/\/mediarun.com\/pl\/wp-json\/wp\/v2\/posts\/81906","targetHints":{"allow":["GET"]}}],"collection":[{"href":"https:\/\/mediarun.com\/pl\/wp-json\/wp\/v2\/posts"}],"about":[{"href":"https:\/\/mediarun.com\/pl\/wp-json\/wp\/v2\/types\/post"}],"author":[{"embeddable":true,"href":"https:\/\/mediarun.com\/pl\/wp-json\/wp\/v2\/users\/1"}],"replies":[{"embeddable":true,"href":"https:\/\/mediarun.com\/pl\/wp-json\/wp\/v2\/comments?post=81906"}],"version-history":[{"count":0,"href":"https:\/\/mediarun.com\/pl\/wp-json\/wp\/v2\/posts\/81906\/revisions"}],"wp:featuredmedia":[{"embeddable":true,"href":"https:\/\/mediarun.com\/pl\/wp-json\/wp\/v2\/media\/81907"}],"wp:attachment":[{"href":"https:\/\/mediarun.com\/pl\/wp-json\/wp\/v2\/media?parent=81906"}],"wp:term":[{"taxonomy":"category","embeddable":true,"href":"https:\/\/mediarun.com\/pl\/wp-json\/wp\/v2\/categories?post=81906"},{"taxonomy":"post_tag","embeddable":true,"href":"https:\/\/mediarun.com\/pl\/wp-json\/wp\/v2\/tags?post=81906"}],"curies":[{"name":"wp","href":"https:\/\/api.w.org\/{rel}","templated":true}]}}