{"id":81858,"date":"2006-01-20T12:38:31","date_gmt":"2006-01-20T11:38:31","guid":{"rendered":"https:\/\/mediarun.com\/index.php\/news-posts\/czerwona-kartka-dla-ziolkowskiego-2\/"},"modified":"2006-01-20T12:38:31","modified_gmt":"2006-01-20T11:38:31","slug":"czerwona-kartka-dla-ziolkowskiego-2","status":"publish","type":"post","link":"https:\/\/mediarun.com\/pl\/media\/tv\/czerwona-kartka-dla-ziolkowskiego-2.html","title":{"rendered":"Czerwona kartka dla Zi\u00f3\u0142kowskiego"},"content":{"rendered":"<p>&#8222;Rzeczpospolita&#8221; poda\u0142a, \u017ce kilkana\u015bcie dni temu Korzeniowski, szef kolegium sportowego TVP, poinformowa\u0142 dyrektor Dw\u00f3jki Nin\u0119 Terentiew, i\u017c utraci\u0142 zaufanie do Zi\u00f3\u0142kowskiego i nie wyobra\u017ca sobie dalszej z nim wsp\u00f3\u0142pracy. Do jego protestu do\u0142\u0105czyli sportowi dziennikarze, kt\u00f3rzy w li\u015bcie do dyrekcji zarzucili Zi\u00f3\u0142kowskiemu niekompetencje i nieumiej\u0119tno\u015b\u0107 pracy z lud\u017ami. <\/p>\n<p>Jeden z dziennikarzy t\u0142umaczy &#8222;Rzeczpospolitej&#8221;, \u017ce posz\u0142o o filozofi\u0119 postrzegania zawodu. &#8211; To kolejny kierownik, kt\u00f3ry chcia\u0142 pokaza\u0107 &#8222;inne spojrzenie na sport&#8221; &#8211; wyja\u015bnia. &#8211; To si\u0119 nazywa\u0142o &#8222;wie\u015b ta\u0144czy i \u015bpiewa&#8221; &#8211; m\u00f3wi inny. &#8211; Sport by\u0142 w tle &#8211; dodaje.<\/p>\n<p>Robert Korzeniowski liczy\u0142, \u017ce Zi\u00f3\u0142kowski, z kt\u00f3rym si\u0119 przyja\u017ani\u0142, od\u015bwie\u017cy sport w telewizyjnej Dw\u00f3jce. Sam Zi\u00f3\u0142kowski obejmuj\u0105c stanowisko szefa redakcji sportowej w Dw\u00f3jce w maju zesz\u0142ego m\u00f3wi\u0142, \u017ce zamierza stworzy\u0107 now\u0105 atrakcyjn\u0105 dla widza jako\u015b\u0107 pokazywania sportu w telewizji, odpowiadaj\u0105c\u0105 wymogom wsp\u00f3\u0142czesnego rynku medialnego. &#8211; Sport posiada wiele warto\u015bci i musi by\u0107 ciekawie opowiedzian\u0105 histori\u0105 nie tylko dla kibica sportowego &#8211; t\u0142umaczy\u0142.<\/p>\n<p>Korzeniowski uwa\u017ca sport za widowisko atrakcyjne i emocjonuj\u0105ce i nie odpowiada mu np. to, \u017ce w rolach komentator\u00f3w obsadzani byli aktorzy. &#8211; Nie musi ono by\u0107 w ten spos\u00f3b ozdabiane i uatrakcyjniane. Nie chcia\u0142bym, by mecze pi\u0142karskie przeradza\u0142y si\u0119 w wydarzenia z kr\u0119gu teatru czy kabaretu &#8211; m\u00f3wi &#8222;Rzeczpospolitej&#8221; szef kolegium sportowego Telewizji Polskiej.<\/p>\n<p>&#8211; W redakcji panowa\u0142 wieczny ba\u0142agan, Zi\u00f3\u0142kowski nie panowa\u0142 nad terminami, nie czu\u0142 presji czasu, wagi wydarze\u0144. Wygl\u0105da\u0142o to momentami humorystycznie, ale wielu ludzi doprowadza\u0142o do skrajnej frustracji &#8211; t\u0142umaczy &#8222;Rzeczpospolitej&#8221; jeden z dziennikarzy. Innego zdania jest Tomasz Zi\u00f3\u0142kowski. &#8211; Praca redakcji sportowej TVP2 przebiega w spos\u00f3b tw\u00f3rczy i bez zak\u0142\u00f3ce\u0144 &#8211; m\u00f3wi nam Zi\u00f3\u0142kowski.<\/p>\n<p>Tomasz Zi\u00f3\u0142kowski nie chce komentowa\u0107 ca\u0142ego wydarzenia. &#8211; W pracy dla mnie wa\u017cny jest profesjonalizm, dlatego nie wypowiadam si\u0119 na tematy dotycz\u0105ce spraw wewn\u0119trznych TVP SA. Nie widz\u0119 te\u017c powodu do porozumiewania si\u0119 z innymi pracownikami TVP SA za po\u015brednictwem medi\u00f3w &#8211; wyja\u015bnia nam.<\/p>\n<p>Wed\u0142ug &#8222;Rzeczpospolitej&#8221;, Zi\u00f3\u0142kowski zostanie prawdopodobnie przeniesiony do redakcji oprawy i promocji.<\/p>\n","protected":false},"excerpt":{"rendered":"Najprawdopodobniej w przysz\u0142ym tygodniu zapadnie decyzja dotycz\u0105ca zmiany szefa redakcji sportowej telewizyjnej Dw\u00f3jki. &#8211; W\u00f3wczas te\u017c powinno by\u0107 znane nazwisko nast\u0119pcy Tomasza Zi\u00f3\u0142kowskiego &#8211; m\u00f3wi nam Daniel Jab\u0142o\u0144ski z wydzia\u0142u rzecznika TVP. &#8222;Rzeczpospolita&#8221; poinformowa\u0142a, \u017ce pracownicy redakcji zbuntowali si\u0119 przeciwko wizji sportu w Dw\u00f3jce Zi\u00f3\u0142kowskiego. Jego zwolnienia chce te\u017c Robert Korzeniowski.","protected":false},"author":1,"featured_media":0,"comment_status":"open","ping_status":"closed","sticky":false,"template":"","format":"standard","meta":{"csco_display_header_overlay":false,"csco_singular_sidebar":"","csco_page_header_type":"","csco_page_load_nextpost":"","csco_post_video_location":[],"csco_post_video_location_hash":"","csco_post_video_url":"","csco_post_video_bg_start_time":0,"csco_post_video_bg_end_time":0,"footnotes":""},"categories":[9670],"tags":[],"class_list":{"0":"post-81858","1":"post","2":"type-post","3":"status-publish","4":"format-standard","6":"category-tv","7":"cs-entry","8":"cs-video-wrap"},"_links":{"self":[{"href":"https:\/\/mediarun.com\/pl\/wp-json\/wp\/v2\/posts\/81858","targetHints":{"allow":["GET"]}}],"collection":[{"href":"https:\/\/mediarun.com\/pl\/wp-json\/wp\/v2\/posts"}],"about":[{"href":"https:\/\/mediarun.com\/pl\/wp-json\/wp\/v2\/types\/post"}],"author":[{"embeddable":true,"href":"https:\/\/mediarun.com\/pl\/wp-json\/wp\/v2\/users\/1"}],"replies":[{"embeddable":true,"href":"https:\/\/mediarun.com\/pl\/wp-json\/wp\/v2\/comments?post=81858"}],"version-history":[{"count":0,"href":"https:\/\/mediarun.com\/pl\/wp-json\/wp\/v2\/posts\/81858\/revisions"}],"wp:attachment":[{"href":"https:\/\/mediarun.com\/pl\/wp-json\/wp\/v2\/media?parent=81858"}],"wp:term":[{"taxonomy":"category","embeddable":true,"href":"https:\/\/mediarun.com\/pl\/wp-json\/wp\/v2\/categories?post=81858"},{"taxonomy":"post_tag","embeddable":true,"href":"https:\/\/mediarun.com\/pl\/wp-json\/wp\/v2\/tags?post=81858"}],"curies":[{"name":"wp","href":"https:\/\/api.w.org\/{rel}","templated":true}]}}