{"id":81856,"date":"2006-01-20T17:04:35","date_gmt":"2006-01-20T16:04:35","guid":{"rendered":"https:\/\/mediarun.com\/index.php\/news-posts\/kolejna-premiera-na-scenie-jedynki\/"},"modified":"2006-01-20T17:04:35","modified_gmt":"2006-01-20T16:04:35","slug":"kolejna-premiera-na-scenie-jedynki","status":"publish","type":"post","link":"https:\/\/mediarun.com\/pl\/media\/tv\/kolejna-premiera-na-scenie-jedynki.html","title":{"rendered":"Kolejna premiera na Scenie Jedynki"},"content":{"rendered":"<p>Autorka dramatu Anna Burzy\u0144ska jest doktorem filologii polskiej i pe\u0142ni funkcj\u0119 kierownika Katedry Teorii Literatury w Instytucie Polonistyki UJ. &#8222;Najwi\u0119cej samob\u00f3jstw zdarza si\u0119 w niedziel\u0119&#8221; to najbardziej znana z jej sztuk, kt\u00f3ra zdoby\u0142a I nagrod\u0119 w I Og\u00f3lnopolskim Konkursie na Polsk\u0105 Sztuk\u0119 Wsp\u00f3\u0142czesn\u0105 w 2002 roku. Z kolei na X Og\u00f3lnopolskim Konkursie na Wystawienie Polskiej Sztuki Wsp\u00f3\u0142czesnej w 2004 r. dosta\u0142a wyr\u00f3\u017cnienie za tekst. &#8220;Najwi\u0119cej samob\u00f3jstw&#8230;&#8221; wystawi\u0142y m.in. warszawski Teatr Ateneum i radomski Teatr Powszechny. <\/p>\n","protected":false},"excerpt":{"rendered":"13 lutego Scena Jedynki zaprezentuje kolejny premierowy spektakl Teatru TV. B\u0119dzie to przedstawienie oparte na sztuce Anny Burzy\u0144skiej, kt\u00f3rej dramaty dotykaj\u0105 trudnych do\u015bwiadcze\u0144 m\u0142odych ludzi w dzisiejszej Polsce. Re\u017cyserem jest Maciej Dejczer, a w jednej z g\u0142\u00f3wnych r\u00f3l wyst\u0105pi Maciej Stuhr.","protected":false},"author":1,"featured_media":81857,"comment_status":"open","ping_status":"closed","sticky":false,"template":"","format":"standard","meta":{"csco_display_header_overlay":false,"csco_singular_sidebar":"","csco_page_header_type":"","csco_page_load_nextpost":"","csco_post_video_location":[],"csco_post_video_location_hash":"","csco_post_video_url":"","csco_post_video_bg_start_time":0,"csco_post_video_bg_end_time":0,"footnotes":""},"categories":[9670],"tags":[],"class_list":{"0":"post-81856","1":"post","2":"type-post","3":"status-publish","4":"format-standard","5":"has-post-thumbnail","7":"category-tv","8":"cs-entry","9":"cs-video-wrap"},"_links":{"self":[{"href":"https:\/\/mediarun.com\/pl\/wp-json\/wp\/v2\/posts\/81856","targetHints":{"allow":["GET"]}}],"collection":[{"href":"https:\/\/mediarun.com\/pl\/wp-json\/wp\/v2\/posts"}],"about":[{"href":"https:\/\/mediarun.com\/pl\/wp-json\/wp\/v2\/types\/post"}],"author":[{"embeddable":true,"href":"https:\/\/mediarun.com\/pl\/wp-json\/wp\/v2\/users\/1"}],"replies":[{"embeddable":true,"href":"https:\/\/mediarun.com\/pl\/wp-json\/wp\/v2\/comments?post=81856"}],"version-history":[{"count":0,"href":"https:\/\/mediarun.com\/pl\/wp-json\/wp\/v2\/posts\/81856\/revisions"}],"wp:featuredmedia":[{"embeddable":true,"href":"https:\/\/mediarun.com\/pl\/wp-json\/wp\/v2\/media\/81857"}],"wp:attachment":[{"href":"https:\/\/mediarun.com\/pl\/wp-json\/wp\/v2\/media?parent=81856"}],"wp:term":[{"taxonomy":"category","embeddable":true,"href":"https:\/\/mediarun.com\/pl\/wp-json\/wp\/v2\/categories?post=81856"},{"taxonomy":"post_tag","embeddable":true,"href":"https:\/\/mediarun.com\/pl\/wp-json\/wp\/v2\/tags?post=81856"}],"curies":[{"name":"wp","href":"https:\/\/api.w.org\/{rel}","templated":true}]}}