{"id":81839,"date":"2006-01-21T19:42:16","date_gmt":"2006-01-21T18:42:16","guid":{"rendered":"https:\/\/mediarun.com\/index.php\/news-posts\/radio-maryja-jak-radio-wolna-europa\/"},"modified":"2006-01-21T19:42:16","modified_gmt":"2006-01-21T18:42:16","slug":"radio-maryja-jak-radio-wolna-europa","status":"publish","type":"post","link":"https:\/\/mediarun.com\/pl\/media\/radio\/radio-maryja-jak-radio-wolna-europa.html","title":{"rendered":"&#8222;Radio Maryja jak Radio Wolna Europa&#8221;"},"content":{"rendered":"<p>&#8211; &#8222;Poniewa\u017c rzecznicy tej wi\u0119kszo\u015bciowej opinii s\u0105 w jej wyra\u017caniu bardzo ekspansywni, a nawet ha\u0142a\u015bliwi &#8211; l\u0119k u os\u00f3b maj\u0105cych inne zdanie pog\u0142\u0119bia si\u0119 coraz bardziej powoduj\u0105c u nich &#8211; jeszcze wi\u0119ksze wyciszenie&#8221; &#8211; m\u00f3wi\u0142 Bp. Adam Lepa. &#8211; &#8222;W PRL w niekt\u00f3rych \u015brodowiskach nie przyznawano si\u0119 do s\u0142uchania Radia Wolna Europa. W\u0142a\u015bnie z tego powodu. Dzi\u015b podobna sytuacja ma miejsce w pewnych \u015brodowiskach w odniesieniu do Radia Maryja&#8221; &#8211; doda\u0142 cz\u0142onek rady Episkopatu Polski ds. medi\u00f3w. <\/p>\n<p>Co \u0142\u0105czy Radio Maryja z Radiem Wolna Europa? Radio Maryja w swoich &#8222;Rozmowach niedoko\u0144czonych&#8221; przypomina troch\u0119 formu\u0142\u0105 dawne rozg\u0142o\u015bnie zagraniczne (G\u0142os Ameryki, Radio Wolna Europa, BBC i RFI) &#8211; stanowi\u0105ce za czas\u00f3w komunizmu przeciwwag\u0119 dla naszpikowanych propagand\u0105 polskich medi\u00f3w. Dzisiaj, po zako\u0144czeniu misji legendarnych nadawc\u00f3w z zachodu, miejsce po nich zagospodarowa\u0142 o. Tadeusz Rydzyk &#8211; przemawiaj\u0105c do tego samego pokolenia, dzi\u015b ju\u017c cz\u0119sto ludzi w podesz\u0142ym wieku. Prze\u017cycia II wojny \u015bwiatowej i represje komunistyczne w zestawieniu z propagand\u0105 wywo\u0142uj\u0105 nieufno\u015b\u0107 &#8222;starego pokolenia&#8221; wobec wsp\u00f3\u0142czesnych \u015brodk\u00f3w masowego przekazu.<\/p>\n<p>Dzwoni\u0105ca do toru\u0144skiego studia Helena z Warszawy spyta\u0142a o wypowiedzi hierarch\u00f3w ko\u015bcielnych, takich jak prymas Glemp, bp. \u017byci\u0144ski &#8211; dotycz\u0105ce anga\u017cowania si\u0119 Radia Maryja w sprawy polityczne.  Prowadz\u0105cy audycj\u0119 O. Janusz Dyrek odm\u00f3wi\u0142 udzielenia odpowiedzi na to pytanie &#8211; t\u0142umacz\u0105c, i\u017c audycja nie jest z nim zwi\u0105zana. Nadmieni\u0142, i\u017c brak jest konkretnych cytat\u00f3w, aby pr\u00f3bowa\u0107 wyja\u015bni\u0107 spraw\u0119. <\/p>\n<p>&#8211; &#8222;M\u00f3wi\u0105, \u017ce my katolicy, powinni\u015bmy w tym radiu, Radiu Maryja &#8211; g\u0142\u00f3wnie wzi\u0105\u0107 r\u00f3\u017caniec do r\u0119ki, a sprawy polityczne nas nie powinny obchodzi\u0107&#8221; &#8211; powiedzia\u0142a na antenie Radia Maryja El\u017cbieta z Hamburga, absolwentka toru\u0144skiej szko\u0142y medialnej o. Rydzyka. &#8211; &#8222;Gdzie jest ta granica, gdzie ko\u015bci\u00f3\u0142 mo\u017ce interweniowa\u0107, a gdzie polityka&#8221;? &#8211; zapyta\u0142a s\u0142uchaczka &#8211; &#8222;Czy zgadzacie si\u0119, \u017ce co najmniej za swoj\u0105 dzia\u0142alno\u015b\u0107 o. Rydzyk powinien otrzyma\u0107 nagrod\u0119 Nobla?&#8221; &#8211; spyta\u0142a p\u00f3\u017aniej zgromadzonych w studiu. &#8211; &#8222;Medium, kt\u00f3re ma kszta\u0142towa\u0107 opini\u0119 publiczn\u0105, czyli tak zwane opiniotw\u00f3rcze medium musi si\u0119 zajmowa\u0107 problematyk\u0105 polityczn\u0105. Musi uprawia\u0107 publicystyk\u0119 najszerzej poj\u0119t\u0105.&#8221; &#8211; m\u00f3wi\u0142 bp. Lepa o mediach katolickich. <\/p>\n","protected":false},"excerpt":{"rendered":"Tematem sobotnich &#8222;Rozm\u00f3w niedoko\u0144czonych&#8221; Radia Maryja i Telewizji Trwam &#8211; by\u0142y media. Ks. bp. dr. Adam Lepa, cz\u0142onek rady Episkopatu Polski ds. medi\u00f3w &#8211;  na antenie stacji m\u00f3wi\u0142 o mechanizmach rz\u0105dz\u0105cych mediami. Przyr\u00f3wna\u0142 wstyd przed m\u00f3wieniem o s\u0142uchaniu Radia Maryja do podobnych obaw, kt\u00f3re mia\u0142y miejsce w okresie dzia\u0142alno\u015bci Radia Wolna Europa.","protected":false},"author":1,"featured_media":81840,"comment_status":"open","ping_status":"closed","sticky":false,"template":"","format":"standard","meta":{"csco_display_header_overlay":false,"csco_singular_sidebar":"","csco_page_header_type":"","csco_page_load_nextpost":"","csco_post_video_location":[],"csco_post_video_location_hash":"","csco_post_video_url":"","csco_post_video_bg_start_time":0,"csco_post_video_bg_end_time":0,"footnotes":""},"categories":[9672],"tags":[],"class_list":{"0":"post-81839","1":"post","2":"type-post","3":"status-publish","4":"format-standard","5":"has-post-thumbnail","7":"category-radio","8":"cs-entry","9":"cs-video-wrap"},"_links":{"self":[{"href":"https:\/\/mediarun.com\/pl\/wp-json\/wp\/v2\/posts\/81839","targetHints":{"allow":["GET"]}}],"collection":[{"href":"https:\/\/mediarun.com\/pl\/wp-json\/wp\/v2\/posts"}],"about":[{"href":"https:\/\/mediarun.com\/pl\/wp-json\/wp\/v2\/types\/post"}],"author":[{"embeddable":true,"href":"https:\/\/mediarun.com\/pl\/wp-json\/wp\/v2\/users\/1"}],"replies":[{"embeddable":true,"href":"https:\/\/mediarun.com\/pl\/wp-json\/wp\/v2\/comments?post=81839"}],"version-history":[{"count":0,"href":"https:\/\/mediarun.com\/pl\/wp-json\/wp\/v2\/posts\/81839\/revisions"}],"wp:featuredmedia":[{"embeddable":true,"href":"https:\/\/mediarun.com\/pl\/wp-json\/wp\/v2\/media\/81840"}],"wp:attachment":[{"href":"https:\/\/mediarun.com\/pl\/wp-json\/wp\/v2\/media?parent=81839"}],"wp:term":[{"taxonomy":"category","embeddable":true,"href":"https:\/\/mediarun.com\/pl\/wp-json\/wp\/v2\/categories?post=81839"},{"taxonomy":"post_tag","embeddable":true,"href":"https:\/\/mediarun.com\/pl\/wp-json\/wp\/v2\/tags?post=81839"}],"curies":[{"name":"wp","href":"https:\/\/api.w.org\/{rel}","templated":true}]}}