{"id":81834,"date":"2006-01-22T13:52:11","date_gmt":"2006-01-22T12:52:11","guid":{"rendered":"https:\/\/mediarun.com\/index.php\/news-posts\/plebiscyt-tygodnika-auto-swiat\/"},"modified":"2006-01-22T13:52:11","modified_gmt":"2006-01-22T12:52:11","slug":"plebiscyt-tygodnika-auto-swiat","status":"publish","type":"post","link":"https:\/\/mediarun.com\/pl\/media\/prasa\/plebiscyt-tygodnika-auto-swiat.html","title":{"rendered":"Plebiscyt tygodnika &#8222;Auto \u015awiat&#8221;"},"content":{"rendered":"<p>Plebiscyt w Polsce jest cz\u0119\u015bci\u0105 og\u00f3lnoeuropejskiego konkursu &#8222;Auto 1 of Europe&#8221; organizowanego przez pisma motoryzacyjne z grupy Auto Bild w 24 krajach. Na pocz\u0105tku lutego zwyci\u0119skie samochody z tych kraj\u00f3w b\u0119d\u0105 testowane na torze Dekry k. Drezna przez mi\u0119dzynarodowe jury sk\u0142adaj\u0105ce si\u0119 z redaktor\u00f3w naczelnych pism motoryzacyjnych, in\u017cynier\u00f3w i technik\u00f3w samochodowych oraz znanych kierowc\u00f3w rajdowych i wy\u015bcigowych. Oni zadecyduj\u0105, kto otrzyma tytu\u0142 &#8222;Auto 1 of Europe&#8221;, a nagroda dla zwyci\u0119skiej firmy zostanie uroczy\u015bcie wr\u0119czona 1 marca podczas salonu samochodowego w Genewie.<\/p>\n<p>W plebiscycie na najbezpieczniejszy samoch\u00f3d roku, kt\u00f3ry &#8222;Auto \u015awiat&#8221; organizuje wsp\u00f3lnie z PZU SA, zwyci\u0119\u017cy\u0142 Citroen C6.<\/p>\n<p>Oba plebiscyty cieszy\u0142y si\u0119 du\u017cym zainteresowaniem czytelnik\u00f3w &#8222;Auto \u015awiata&#8221;. W\u015br\u00f3d uczestnik\u00f3w rozlosowano blisko 50 nagr\u00f3d, w tym Citroena C4 jako nagrod\u0119 g\u0142\u00f3wn\u0105.<\/p>\n","protected":false},"excerpt":{"rendered":"W pi\u0105tek podczas Balu Motoryzacji tygodnik &#8222;Auto \u015awiat&#8221; og\u0142osi\u0142 wyniki 11 plebiscytu &#8222;Auto nr 1 w Polsce&#8221; oraz przyzna\u0142 tytu\u0142 Najbezpieczniejszego Samochodu Roku 2006. &#8222;Autem nr 1&#8221; zosta\u0142 Volkswagen Passat, kt\u00f3ry uzyska\u0142 najwi\u0119cej g\u0142os\u00f3w od czytelnik\u00f3w gazety.","protected":false},"author":1,"featured_media":81835,"comment_status":"open","ping_status":"closed","sticky":false,"template":"","format":"standard","meta":{"csco_display_header_overlay":false,"csco_singular_sidebar":"","csco_page_header_type":"","csco_page_load_nextpost":"","csco_post_video_location":[],"csco_post_video_location_hash":"","csco_post_video_url":"","csco_post_video_bg_start_time":0,"csco_post_video_bg_end_time":0,"footnotes":""},"categories":[9673],"tags":[],"class_list":{"0":"post-81834","1":"post","2":"type-post","3":"status-publish","4":"format-standard","5":"has-post-thumbnail","7":"category-prasa","8":"cs-entry","9":"cs-video-wrap"},"_links":{"self":[{"href":"https:\/\/mediarun.com\/pl\/wp-json\/wp\/v2\/posts\/81834","targetHints":{"allow":["GET"]}}],"collection":[{"href":"https:\/\/mediarun.com\/pl\/wp-json\/wp\/v2\/posts"}],"about":[{"href":"https:\/\/mediarun.com\/pl\/wp-json\/wp\/v2\/types\/post"}],"author":[{"embeddable":true,"href":"https:\/\/mediarun.com\/pl\/wp-json\/wp\/v2\/users\/1"}],"replies":[{"embeddable":true,"href":"https:\/\/mediarun.com\/pl\/wp-json\/wp\/v2\/comments?post=81834"}],"version-history":[{"count":0,"href":"https:\/\/mediarun.com\/pl\/wp-json\/wp\/v2\/posts\/81834\/revisions"}],"wp:featuredmedia":[{"embeddable":true,"href":"https:\/\/mediarun.com\/pl\/wp-json\/wp\/v2\/media\/81835"}],"wp:attachment":[{"href":"https:\/\/mediarun.com\/pl\/wp-json\/wp\/v2\/media?parent=81834"}],"wp:term":[{"taxonomy":"category","embeddable":true,"href":"https:\/\/mediarun.com\/pl\/wp-json\/wp\/v2\/categories?post=81834"},{"taxonomy":"post_tag","embeddable":true,"href":"https:\/\/mediarun.com\/pl\/wp-json\/wp\/v2\/tags?post=81834"}],"curies":[{"name":"wp","href":"https:\/\/api.w.org\/{rel}","templated":true}]}}