{"id":81797,"date":"2006-01-23T22:12:06","date_gmt":"2006-01-23T21:12:06","guid":{"rendered":"https:\/\/mediarun.com\/index.php\/news-posts\/zmiany-w-telekurierze\/"},"modified":"2006-01-23T22:12:06","modified_gmt":"2006-01-23T21:12:06","slug":"zmiany-w-telekurierze","status":"publish","type":"post","link":"https:\/\/mediarun.com\/pl\/media\/tv\/zmiany-w-telekurierze.html","title":{"rendered":"Zmiany w &#8222;Telekurierze&#8221;"},"content":{"rendered":"<p>&#8211; Mam nadziej\u0119, \u017ce nowa twarz programu spodoba si\u0119 naszym wiernym widzom, a nowym pomo\u017ce si\u0119 do nas przekona\u0107 &#8211; m\u00f3wi Zbigniew Piskorski, producent &#8222;Telekuriera&#8221;. Autorami zmian w &#8222;Telekurierze&#8221; s\u0105 Jakub Psuja (scenografia) i Maciej \u0106wiek (grafika ekranowa).<\/p>\n<p>&#8222;Telekurier&#8221; to magazyn reporter\u00f3w, najwi\u0119ksza produkcja pozna\u0144skiego oddzia\u0142u TVP dla anteny og\u00f3lnopolskiej. Sta\u0142y zesp\u00f3\u0142 z\u0142o\u017cony z 25 dziennikarzy, prezenter\u00f3w i kierownik\u00f3w produkcji ze wszystkich oddzia\u0142\u00f3w TVP produkuje ka\u017cdego tygodnia 3 godziny programu. <\/p>\n","protected":false},"excerpt":{"rendered":"Program regionalnej Tr\u00f3jki, &#8222;Telekurier&#8221; od poniedzia\u0142ku ukazuje si\u0119 z now\u0105 czo\u0142\u00f3wk\u0105, opraw\u0105 graficzn\u0105 i scenografi\u0105. Dotychczasowe niebiesko-\u017c\u00f3\u0142te barwy programu zast\u0105pi\u0142a ziele\u0144 nawi\u0105zuj\u0105ca do koloru, kt\u00f3ry jest wizyt\u00f3wk\u0105 TVP3. W studio pojawi\u0142y si\u0119 tak\u017ce dodatkowe ekrany plazmowe i nowe o\u015bwietlenie.","protected":false},"author":1,"featured_media":0,"comment_status":"open","ping_status":"closed","sticky":false,"template":"","format":"standard","meta":{"csco_display_header_overlay":false,"csco_singular_sidebar":"","csco_page_header_type":"","csco_page_load_nextpost":"","csco_post_video_location":[],"csco_post_video_location_hash":"","csco_post_video_url":"","csco_post_video_bg_start_time":0,"csco_post_video_bg_end_time":0,"footnotes":""},"categories":[9670],"tags":[],"class_list":{"0":"post-81797","1":"post","2":"type-post","3":"status-publish","4":"format-standard","6":"category-tv","7":"cs-entry","8":"cs-video-wrap"},"_links":{"self":[{"href":"https:\/\/mediarun.com\/pl\/wp-json\/wp\/v2\/posts\/81797","targetHints":{"allow":["GET"]}}],"collection":[{"href":"https:\/\/mediarun.com\/pl\/wp-json\/wp\/v2\/posts"}],"about":[{"href":"https:\/\/mediarun.com\/pl\/wp-json\/wp\/v2\/types\/post"}],"author":[{"embeddable":true,"href":"https:\/\/mediarun.com\/pl\/wp-json\/wp\/v2\/users\/1"}],"replies":[{"embeddable":true,"href":"https:\/\/mediarun.com\/pl\/wp-json\/wp\/v2\/comments?post=81797"}],"version-history":[{"count":0,"href":"https:\/\/mediarun.com\/pl\/wp-json\/wp\/v2\/posts\/81797\/revisions"}],"wp:attachment":[{"href":"https:\/\/mediarun.com\/pl\/wp-json\/wp\/v2\/media?parent=81797"}],"wp:term":[{"taxonomy":"category","embeddable":true,"href":"https:\/\/mediarun.com\/pl\/wp-json\/wp\/v2\/categories?post=81797"},{"taxonomy":"post_tag","embeddable":true,"href":"https:\/\/mediarun.com\/pl\/wp-json\/wp\/v2\/tags?post=81797"}],"curies":[{"name":"wp","href":"https:\/\/api.w.org\/{rel}","templated":true}]}}