{"id":81789,"date":"2006-01-23T22:31:55","date_gmt":"2006-01-23T21:31:55","guid":{"rendered":"https:\/\/mediarun.com\/index.php\/news-posts\/17-proc-polakow-uzaleznionych-od-tv\/"},"modified":"2006-01-23T22:31:55","modified_gmt":"2006-01-23T21:31:55","slug":"17-proc-polakow-uzaleznionych-od-tv","status":"publish","type":"post","link":"https:\/\/mediarun.com\/pl\/media\/tv\/17-proc-polakow-uzaleznionych-od-tv.html","title":{"rendered":"17 proc. Polak\u00f3w uzale\u017cnionych od TV"},"content":{"rendered":"<p>&#8222;Gazeta Wyborcza&#8221; pisze, \u017ce 17 proc. widz\u00f3w w wieku 15-65 lat czuje si\u0119 nieswojo, kiedy telewizor jest wy\u0142\u0105czony &#8211; wynika z bada\u0144, kt\u00f3re na zam\u00f3wienie TVP przeprowadzi\u0142a na prze\u0142omie 2004 i 2005 r. firma IQS and Quant Group.<\/p>\n<p>Wed\u0142ug og\u0142oszonych w zesz\u0142ym tygodniu wynik\u00f3w takie osoby ogl\u0105daj\u0105 telewizj\u0119, jedz\u0105c, sprz\u0105taj\u0105c, gotuj\u0105c, a nawet czytaj\u0105c lub przed snem. Same przyznaj\u0105, \u017ce zbyt cz\u0119sto patrz\u0105 w odbiornik &#8211; pisze gazeta.<\/p>\n","protected":false},"excerpt":{"rendered":"A\u017c 17 proc. Polak\u00f3w mo\u017ce by\u0107 uzale\u017cnionych od ogl\u0105dania telewizji &#8211; wynika z bada\u0144 zam\u00f3wionych przez TVP, kt\u00f3re cytuje &#8222;Gazeta Wyborcza&#8221;. Dwie trzecie naszych rodak\u00f3w ogl\u0105da program bezkrytycznie.","protected":false},"author":1,"featured_media":0,"comment_status":"open","ping_status":"closed","sticky":false,"template":"","format":"standard","meta":{"csco_display_header_overlay":false,"csco_singular_sidebar":"","csco_page_header_type":"","csco_page_load_nextpost":"","csco_post_video_location":[],"csco_post_video_location_hash":"","csco_post_video_url":"","csco_post_video_bg_start_time":0,"csco_post_video_bg_end_time":0,"footnotes":""},"categories":[9670],"tags":[],"class_list":{"0":"post-81789","1":"post","2":"type-post","3":"status-publish","4":"format-standard","6":"category-tv","7":"cs-entry","8":"cs-video-wrap"},"_links":{"self":[{"href":"https:\/\/mediarun.com\/pl\/wp-json\/wp\/v2\/posts\/81789","targetHints":{"allow":["GET"]}}],"collection":[{"href":"https:\/\/mediarun.com\/pl\/wp-json\/wp\/v2\/posts"}],"about":[{"href":"https:\/\/mediarun.com\/pl\/wp-json\/wp\/v2\/types\/post"}],"author":[{"embeddable":true,"href":"https:\/\/mediarun.com\/pl\/wp-json\/wp\/v2\/users\/1"}],"replies":[{"embeddable":true,"href":"https:\/\/mediarun.com\/pl\/wp-json\/wp\/v2\/comments?post=81789"}],"version-history":[{"count":0,"href":"https:\/\/mediarun.com\/pl\/wp-json\/wp\/v2\/posts\/81789\/revisions"}],"wp:attachment":[{"href":"https:\/\/mediarun.com\/pl\/wp-json\/wp\/v2\/media?parent=81789"}],"wp:term":[{"taxonomy":"category","embeddable":true,"href":"https:\/\/mediarun.com\/pl\/wp-json\/wp\/v2\/categories?post=81789"},{"taxonomy":"post_tag","embeddable":true,"href":"https:\/\/mediarun.com\/pl\/wp-json\/wp\/v2\/tags?post=81789"}],"curies":[{"name":"wp","href":"https:\/\/api.w.org\/{rel}","templated":true}]}}