{"id":81783,"date":"2006-01-24T06:00:00","date_gmt":"2006-01-24T05:00:00","guid":{"rendered":"https:\/\/mediarun.com\/index.php\/news-posts\/aktivist-wreczy-nocne-marki\/"},"modified":"2006-01-24T06:00:00","modified_gmt":"2006-01-24T05:00:00","slug":"aktivist-wreczy-nocne-marki","status":"publish","type":"post","link":"https:\/\/mediarun.com\/pl\/wydarzenia\/aktivist-wreczy-nocne-marki.html","title":{"rendered":"Aktivist wr\u0119czy Nocne Marki"},"content":{"rendered":"<p><P>polskich wykonawc\u00f3w, miejsc i wydarze\u0144 ubieg\u0142ego roku.<\/P><br \/>\n<P>Publiczne zg\u0142oszenia, na kt\u00f3re redakcja czeka do 3 lutego br., zostan\u0105 policzone i podsumowane przez jury, z\u0142o\u017cone ze znanych bran\u017cowych osobisto\u015bci. <BR><BR>Listy nominowanych, kt\u00f3rzy otrzymaj\u0105 najwi\u0119ksz\u0105 ilo\u015b\u0107 wskaza\u0144, zostan\u0105 og\u0142oszone 10 lutego. Na ich podstawie publiczno\u015b\u0107 b\u0119dzie mog\u0142a jeszcze raz odda\u0107 sw\u00f3j g\u0142os na ostatecznych zwyci\u0119zc\u00f3w w ka\u017cdej kategorii. <\/P><br \/>\n<P>Nazwiska\/nazwy nagrodzonych magazyn Aktivist og\u0142osi na specjalnej imprezie w marcu. Patronami konkursu s\u0105 MTV, Radio Bis, Viva!, Metropol, Exklusiv, Warsaw Business Journal i Warsaw Insider.<\/P><\/p>\n","protected":false},"excerpt":{"rendered":"W marcu magazyn Aktivist wreczy na podstawie nominacji publiczno\u015bci pierwsze nagrody Nocne Marki dla najlepszych&#8230;","protected":false},"author":1,"featured_media":81784,"comment_status":"open","ping_status":"closed","sticky":false,"template":"","format":"standard","meta":{"csco_display_header_overlay":false,"csco_singular_sidebar":"","csco_page_header_type":"","csco_page_load_nextpost":"","csco_post_video_location":[],"csco_post_video_location_hash":"","csco_post_video_url":"","csco_post_video_bg_start_time":0,"csco_post_video_bg_end_time":0,"footnotes":""},"categories":[46],"tags":[],"class_list":{"0":"post-81783","1":"post","2":"type-post","3":"status-publish","4":"format-standard","5":"has-post-thumbnail","7":"category-wydarzenia","8":"cs-entry","9":"cs-video-wrap"},"_links":{"self":[{"href":"https:\/\/mediarun.com\/pl\/wp-json\/wp\/v2\/posts\/81783","targetHints":{"allow":["GET"]}}],"collection":[{"href":"https:\/\/mediarun.com\/pl\/wp-json\/wp\/v2\/posts"}],"about":[{"href":"https:\/\/mediarun.com\/pl\/wp-json\/wp\/v2\/types\/post"}],"author":[{"embeddable":true,"href":"https:\/\/mediarun.com\/pl\/wp-json\/wp\/v2\/users\/1"}],"replies":[{"embeddable":true,"href":"https:\/\/mediarun.com\/pl\/wp-json\/wp\/v2\/comments?post=81783"}],"version-history":[{"count":0,"href":"https:\/\/mediarun.com\/pl\/wp-json\/wp\/v2\/posts\/81783\/revisions"}],"wp:featuredmedia":[{"embeddable":true,"href":"https:\/\/mediarun.com\/pl\/wp-json\/wp\/v2\/media\/81784"}],"wp:attachment":[{"href":"https:\/\/mediarun.com\/pl\/wp-json\/wp\/v2\/media?parent=81783"}],"wp:term":[{"taxonomy":"category","embeddable":true,"href":"https:\/\/mediarun.com\/pl\/wp-json\/wp\/v2\/categories?post=81783"},{"taxonomy":"post_tag","embeddable":true,"href":"https:\/\/mediarun.com\/pl\/wp-json\/wp\/v2\/tags?post=81783"}],"curies":[{"name":"wp","href":"https:\/\/api.w.org\/{rel}","templated":true}]}}