{"id":81772,"date":"2006-01-24T06:00:00","date_gmt":"2006-01-24T05:00:00","guid":{"rendered":"https:\/\/mediarun.com\/index.php\/news-posts\/regaty-w-reklamowym-gronie\/"},"modified":"2006-01-24T06:00:00","modified_gmt":"2006-01-24T05:00:00","slug":"regaty-w-reklamowym-gronie","status":"publish","type":"post","link":"https:\/\/mediarun.com\/pl\/wydarzenia\/regaty-w-reklamowym-gronie.html","title":{"rendered":"Regaty w reklamowym gronie"},"content":{"rendered":"<p><P>impreza \u017ceglarska dla bran\u017c reklamowej i marketingowej o randze mistrzostw Polski planowana jest na d\u0142ugi weekend pomi\u0119dzy 15 a 18 czerwca 2006 w Pucku.<\/P><br \/>\n<P>Dzi\u0119ki zaanga\u017cowaniu Polskiego Zwi\u0105zku \u017beglarskiego impreza b\u0119dzie mia\u0142a status oficjalnych mistrzostw Europy rekomendowanych przez ISAF (International Saling Federation). Uczestnicy regat \u015bciga\u0107 si\u0119 b\u0119d\u0105 na czteroosobowych \u0142\u00f3dkach klasy Puck, kt\u00f3re udost\u0119pni Harcerski O\u015brodek Morski w Pucku. Przez cztery dni planowane jest rozegranie co najmniej dziewi\u0119ciu wy\u015bcig\u00f3w. R\u00f3wnolegle b\u0119dzie prowadzona klasyfikacja V Mistrzostw Polski, a polskie ekipy b\u0119d\u0105 uczestniczy\u0107 w obu imprezach. <\/P><br \/>\n<P>Opr\u00f3cz cz\u0119\u015bci sportowej uczestnicy b\u0119d\u0105 mieli mo\u017cliwo\u015b\u0107 uczestniczenia w wielu imprezach towarzysz\u0105cych m.in. zawodach windsurfingowych czy biesiadach \u017ceglarskich. Osoby, kt\u00f3re nie b\u0119d\u0105 bra\u0142y udzia\u0142u w rywalizacji na wodzie, b\u0119d\u0105 mog\u0142y skorzysta\u0107 z nauki \u017ceglowania i windsurfingu oraz rejs\u00f3w statkiem po Zatoce Puckiej. <\/P><br \/>\n<P>Organizatorzy planuj\u0105 szeroko zakrojon\u0105 akcj\u0119 informacyjn\u0105 i reklamow\u0105 zar\u00f3wno w mediach tradycyjnych jak i w Internecie. &#8211; Regaty b\u0119d\u0105 reklamowane w prasie krajowej i w bran\u017cowych portalach. Planujemy tak\u017ce zwr\u00f3ci\u0107 wydawc\u00f3w portali i prasy zagranicznej, zar\u00f3wno bran\u017cowej jak i \u017ceglarskiej oraz do organizator\u00f3w festiwali. Na potrzeby zawod\u00f3w zosta\u0142a uruchomiona strona internetowa <A href=\"http:\/\/www.advertcup.pl\">www.advertcup.pl<\/A>, gdzie zamieszczane b\u0119d\u0105&nbsp; umieszczone informacje po polsku i angielsku, a obecnie mo\u017cna wype\u0142ni\u0107 formularz wst\u0119pnego zg\u0142oszenia do zawod\u00f3w.<\/P><br \/>\n<P>Zainteresowani startem w zawodach b\u0119d\u0105 mogli si\u0119 zapozna\u0107 z organizatorami oraz z przewidywanymi atrakcjami na stoisku regat podczas targ\u00f3w Remadays (7-9.02.2006). Wystawiona zostanie tak\u017ce \u0142\u00f3dka klasy Puck.<\/P><br \/>\n<P>Organizatorami zawod\u00f3w s\u0105 Polski Zwi\u0105zek \u017beglarski oraz Polskie\u017bagle.com. Patronat medialny nad imprez\u0105 obj\u0105\u0142 serwis Mediarun.pl oraz magazyn Brief.<\/P><\/p>\n","protected":false},"excerpt":{"rendered":"Organizatorzy Advert&amp;MarketingCUP rozszerzaj\u0105 formu\u0142\u0119 zawod\u00f3w i zapowiadaj\u0105 rozegranie pierwszej edycji mistrzostw Europy obu bran\u017c. Najwi\u0119ksza polska&#8230;","protected":false},"author":1,"featured_media":81773,"comment_status":"open","ping_status":"closed","sticky":false,"template":"","format":"standard","meta":{"csco_display_header_overlay":false,"csco_singular_sidebar":"","csco_page_header_type":"","csco_page_load_nextpost":"","csco_post_video_location":[],"csco_post_video_location_hash":"","csco_post_video_url":"","csco_post_video_bg_start_time":0,"csco_post_video_bg_end_time":0,"footnotes":""},"categories":[46],"tags":[],"class_list":{"0":"post-81772","1":"post","2":"type-post","3":"status-publish","4":"format-standard","5":"has-post-thumbnail","7":"category-wydarzenia","8":"cs-entry","9":"cs-video-wrap"},"_links":{"self":[{"href":"https:\/\/mediarun.com\/pl\/wp-json\/wp\/v2\/posts\/81772","targetHints":{"allow":["GET"]}}],"collection":[{"href":"https:\/\/mediarun.com\/pl\/wp-json\/wp\/v2\/posts"}],"about":[{"href":"https:\/\/mediarun.com\/pl\/wp-json\/wp\/v2\/types\/post"}],"author":[{"embeddable":true,"href":"https:\/\/mediarun.com\/pl\/wp-json\/wp\/v2\/users\/1"}],"replies":[{"embeddable":true,"href":"https:\/\/mediarun.com\/pl\/wp-json\/wp\/v2\/comments?post=81772"}],"version-history":[{"count":0,"href":"https:\/\/mediarun.com\/pl\/wp-json\/wp\/v2\/posts\/81772\/revisions"}],"wp:featuredmedia":[{"embeddable":true,"href":"https:\/\/mediarun.com\/pl\/wp-json\/wp\/v2\/media\/81773"}],"wp:attachment":[{"href":"https:\/\/mediarun.com\/pl\/wp-json\/wp\/v2\/media?parent=81772"}],"wp:term":[{"taxonomy":"category","embeddable":true,"href":"https:\/\/mediarun.com\/pl\/wp-json\/wp\/v2\/categories?post=81772"},{"taxonomy":"post_tag","embeddable":true,"href":"https:\/\/mediarun.com\/pl\/wp-json\/wp\/v2\/tags?post=81772"}],"curies":[{"name":"wp","href":"https:\/\/api.w.org\/{rel}","templated":true}]}}