{"id":81753,"date":"2006-01-24T09:17:38","date_gmt":"2006-01-24T08:17:38","guid":{"rendered":"https:\/\/mediarun.com\/index.php\/news-posts\/nie-ma-koalicji-to-nie-ma-krrit\/"},"modified":"2006-01-24T09:17:38","modified_gmt":"2006-01-24T08:17:38","slug":"nie-ma-koalicji-to-nie-ma-krrit","status":"publish","type":"post","link":"https:\/\/mediarun.com\/pl\/media\/tv\/nie-ma-koalicji-to-nie-ma-krrit.html","title":{"rendered":"Nie ma koalicji? To nie ma KRRiT"},"content":{"rendered":"<p>Adam Bielan, rzecznik PiS, m\u00f3wi &#8222;GW&#8221;, \u017ce istnieje zagro\u017cenie, \u017ce i na tym posiedzeniu Sejm nie zajmie si\u0119 wyborem nowych cz\u0142onk\u00f3w: &#8211; Bo parlament nie do ko\u0144ca pracuje normalnie. Jak Sejm przyjmie bud\u017cet, to sytuacja si\u0119 uspokoi.<\/p>\n<p>Dziennik pisze, \u017ce PiS od tygodnia straszy LPR, Samoobron\u0119 i PSL przyspieszonymi wyborami, je\u015bli parlament nie przyjmie bud\u017cetu do 1 lutego. Nadal nie wiadomo, z kim PiS utworzy koalicj\u0119.<\/p>\n<p>Tak t\u0119 rozgrywk\u0119 t\u0142umaczy &#8222;Gazecie&#8221; jeden z pos\u0142\u00f3w PiS: &#8211; Je\u015bli powstanie koalicja z LPR i Samoobron\u0105, to b\u0119dziemy musieli dotrzyma\u0107 obietnicy i w zamian za pomoc przy przepchni\u0119ciu ustawy medialnej odst\u0105pi\u0107 tym partiom dwa sejmowe miejsca w KRRiT. A to wa\u017cna decyzja, bo to wyb\u00f3r na kolejne sze\u015b\u0107 lat. Je\u015bli b\u0119dzie koalicja z PO, to nie ma mowy, by do Krajowej Rady weszli ludzie Leppera i Giertycha. A je\u015bli b\u0119d\u0105 nowe wybory, to PiS w nowym Sejmie b\u0119dzie tak silny, \u017ce nie b\u0119dzie musia\u0142 si\u0119 z nikim dzieli\u0107 wp\u0142ywami w Radzie, czyli w mediach publicznych.<\/p>\n<p>&#8222;Gazeta Wyborcza&#8221; przypomina, \u017ce PiS w po\u015bpiechu, jakiego nie pami\u0119taj\u0105 najstarsi sta\u017cem pos\u0142owie, przy g\u0142o\u015bnych protestach opozycji, \u017ce \u0142amany jest regulamin i parlamentarne zwyczaje, w ostatnich dniach ub. roku przepchn\u0105\u0142 przez parlament projekt ustawy o RTV.<\/p>\n<p>&#8211; Chodzi\u0142o o szybkie odwo\u0142anie starej, zdominowanej przez lewic\u0119 KRRiT. Politycy PiS twierdzili, \u017ce stara Rada mog\u0142aby jeszcze wymieni\u0107 rady nadzorcze medi\u00f3w publicznych i zablokowa\u0107 w ten spos\u00f3b na trzy lata mo\u017cliwo\u015bci wymiany w\u0142adz tych medi\u00f3w. Sw\u00f3j cel partia Kaczy\u0144skich osi\u0105gn\u0119\u0142a. Ustawa wesz\u0142a w \u017cycie 1 stycznia. Stara Rada przesta\u0142a istnie\u0107 &#8211; pisze gazeta.<\/p>\n<p>W to arcyszybkie stanowienie prawa zaanga\u017cowa\u0142 si\u0119 nawet prezydent Lech Kaczy\u0144ski i ju\u017c po jednym dniu lektury z\u0142o\u017cy\u0142 podpis pod ustaw\u0105.<\/p>\n<p> Cho\u0107 ustawa przewidywa\u0142a, \u017ce nowych pi\u0119ciu cz\u0142onk\u00f3w prezydent, Sejm i Senat powo\u0142aj\u0105 &#8222;niezw\u0142ocznie&#8221;, nie zrobili tego do tej pory. Jeszcze dwa tygodnie temu marsza\u0142ek Sejmu Marek Jurek (PiS) zapewnia\u0142, \u017ce &#8222;nieprzekraczalnym terminem jest termin styczniowy, mamy dwa posiedzenia w styczniu, na jednym z nich, mam nadziej\u0119, \u017ce wybierzemy cz\u0142onk\u00f3w Rady&#8221; &#8211; czytamy w &#8222;Gazecie Wyborczej&#8221;.<\/p>\n<p>Sejm wybiera dw\u00f3ch z nich &#8211; PiS obieca\u0142 te miejsca Samoobronie i LPR. Sam PiS liczy na jedno miejsce z puli Senatu i dwa z puli prezydenta. W ten spos\u00f3b zapewni sobie wi\u0119kszo\u015b\u0107 w nowej KRRiT. I po jej wybraniu kontrol\u0119 nad mediami publicznymi.<\/p>\n<p>Gazeta pisze, \u017ce tymczasem Rady nie ma ju\u017c trzy tygodnie, cho\u0107 jej istnienie przewiduje konstytucja. &#8211; \u0179le to wygl\u0105da &#8211; przyznaje konstytucjonalista prof. Piotr Winczorek. I m\u00f3wi, \u017ce odpowiedzialno\u015b\u0107 za zapewnienie ci\u0105g\u0142o\u015bci w\u0142adzy pa\u0144stwowej w takiej sytuacji spada na wszystkie trzy organa: prezydenta, Sejm i Senat. Czy mog\u0105 ponie\u015b\u0107 za to jak\u0105\u015b odpowiedzialno\u015b\u0107? &#8211; Parlament nie &#8211; m\u00f3wi konstytucjonalista &#8211; ale prezydenta mo\u017ce kto\u015b kiedy\u015b zechcie\u0107 postawi\u0107 za to przed Trybuna\u0142em Stanu.<\/p>\n<p>&#8211; Nie s\u0105dz\u0119, by zosta\u0142a naruszona konstytucyjna zasada ci\u0105g\u0142o\u015bci w\u0142adzy pa\u0144stwowej. Nie wiem, dlaczego parlament nie powo\u0142a\u0142 do tej pory swoich cz\u0142onk\u00f3w. Prezydent wstrzymywa\u0142 si\u0119 do tej pory z powo\u0142aniem swoich cz\u0142onk\u00f3w do czasu, a\u017c zrobi to parlament &#8211; m\u00f3wi &#8222;GW&#8221; Maciej \u0141opi\u0144ski, rzecznik prezydenta.<\/p>\n<p>Rzecznik praw obywatelskich prof. Andrzej Zoll zastanawia si\u0119 nad zaskar\u017ceniem ustawy do Trybuna\u0142u Konstytucyjnego. Wprawdzie wyrok zapad\u0142by za jaki\u015b czas i nie zmieni\u0142by obecnej sytuacji, ale &#8211; jak powiedzia\u0142 Zoll w Radiu TOK FM &#8211; mia\u0142oby to znaczenie na przysz\u0142o\u015b\u0107.<\/p>\n<p>Wieczorem konwent senior\u00f3w zdecydowa\u0142 o dopisaniu wyboru cz\u0142onk\u00f3w KRRiT do porz\u0105dku zaczynaj\u0105cego si\u0119 dzi\u015b posiedzenia Sejmu. G\u0142osowanie mog\u0142oby si\u0119 odby\u0107 w czwartek lub w pi\u0105tek. Czyli po decyzjach w sprawie bud\u017cetu.<\/p>\n","protected":false},"excerpt":{"rendered":"PiS op\u00f3\u017ania powo\u0142anie nowej Krajowej Rady Radiofonii i Telewizji. Boi si\u0119 poprze\u0107 kandydat\u00f3w LPR i Samoobrony, bo nie jest pewne, czy zawrze koalicj\u0119 z tymi partiami &#8211; pisze &#8222;Gazeta Wyborcza&#8221;. Antoni M\u0119\u017cyd\u0142o (PiS), pose\u0142 sprawozdawca noweli ustawy o RTV, przyznaje, \u017ce dzi\u015b wyb\u00f3r nowej KRRiT zale\u017cy od sytuacji politycznej w Sejmie.","protected":false},"author":1,"featured_media":81754,"comment_status":"open","ping_status":"closed","sticky":false,"template":"","format":"standard","meta":{"csco_display_header_overlay":false,"csco_singular_sidebar":"","csco_page_header_type":"","csco_page_load_nextpost":"","csco_post_video_location":[],"csco_post_video_location_hash":"","csco_post_video_url":"","csco_post_video_bg_start_time":0,"csco_post_video_bg_end_time":0,"footnotes":""},"categories":[9670],"tags":[],"class_list":{"0":"post-81753","1":"post","2":"type-post","3":"status-publish","4":"format-standard","5":"has-post-thumbnail","7":"category-tv","8":"cs-entry","9":"cs-video-wrap"},"_links":{"self":[{"href":"https:\/\/mediarun.com\/pl\/wp-json\/wp\/v2\/posts\/81753","targetHints":{"allow":["GET"]}}],"collection":[{"href":"https:\/\/mediarun.com\/pl\/wp-json\/wp\/v2\/posts"}],"about":[{"href":"https:\/\/mediarun.com\/pl\/wp-json\/wp\/v2\/types\/post"}],"author":[{"embeddable":true,"href":"https:\/\/mediarun.com\/pl\/wp-json\/wp\/v2\/users\/1"}],"replies":[{"embeddable":true,"href":"https:\/\/mediarun.com\/pl\/wp-json\/wp\/v2\/comments?post=81753"}],"version-history":[{"count":0,"href":"https:\/\/mediarun.com\/pl\/wp-json\/wp\/v2\/posts\/81753\/revisions"}],"wp:featuredmedia":[{"embeddable":true,"href":"https:\/\/mediarun.com\/pl\/wp-json\/wp\/v2\/media\/81754"}],"wp:attachment":[{"href":"https:\/\/mediarun.com\/pl\/wp-json\/wp\/v2\/media?parent=81753"}],"wp:term":[{"taxonomy":"category","embeddable":true,"href":"https:\/\/mediarun.com\/pl\/wp-json\/wp\/v2\/categories?post=81753"},{"taxonomy":"post_tag","embeddable":true,"href":"https:\/\/mediarun.com\/pl\/wp-json\/wp\/v2\/tags?post=81753"}],"curies":[{"name":"wp","href":"https:\/\/api.w.org\/{rel}","templated":true}]}}