{"id":81752,"date":"2006-01-24T09:18:58","date_gmt":"2006-01-24T08:18:58","guid":{"rendered":"https:\/\/mediarun.com\/index.php\/news-posts\/dziennik-polski-lustruje-swoich-dziennikarzy\/"},"modified":"2006-01-24T09:18:58","modified_gmt":"2006-01-24T08:18:58","slug":"dziennik-polski-lustruje-swoich-dziennikarzy","status":"publish","type":"post","link":"https:\/\/mediarun.com\/pl\/media\/prasa\/dziennik-polski-lustruje-swoich-dziennikarzy.html","title":{"rendered":"&#8222;Dziennik Polski&#8221; lustruje swoich dziennikarzy"},"content":{"rendered":"<p>&#8222;Dziennik Polski&#8221; jest pierwsz\u0105 w Polsce redakcj\u0105, kt\u00f3ra &#8211; jeszcze przed planowanym przez PiS wpisaniem dziennikarzy do ustawy lustracyjnej &#8211; og\u0142osi\u0142a wewn\u0119trzn\u0105 lustracj\u0119 zespo\u0142u. W &#8222;DP&#8221; zatrudnionych jest 50 dziennikarzy.<\/p>\n<p>&#8211; W pi\u0105tek dotar\u0142a do nas uchwa\u0142a zarz\u0105du wydawcy &#8222;Dziennika Polskiego&#8221; dotycz\u0105ca o\u015bwiadcze\u0144 lustracyjnych dziennikarzy &#8211; powiedzia\u0142 &#8222;Gazecie&#8221; zast\u0119pca redaktora naczelnego &#8222;DP&#8221; Adam Rymont. Nie chcia\u0142 m\u00f3wi\u0107 o szczeg\u00f3\u0142ach i odes\u0142a\u0142 do prezes\u00f3w wydawnictwa Jagiellonia, kt\u00f3rzy podj\u0119li uchwa\u0142\u0119. Czes\u0142aw T. Niemczy\u0144ski, wiceprezes Jagiellonii nie chcia\u0142 komentowa\u0107 sprawy dla &#8222;Gazety&#8221;. Wieczorem powiedzia\u0142 PAP: &#8222;Dziennikarz jest zawodem zaufania publicznego, jest to funkcja publiczna. S\u0105dz\u0119, \u017ce czekali\u015bmy ju\u017c wystarczaj\u0105co d\u0142ugo &#8211; 16 lat &#8211; a\u017c ustawodawca to ureguluje i nawet je\u015bli obecnie tego typu dzia\u0142anie nie jest obowi\u0105zkiem wydawcy prywatnego, to wkr\u00f3tce b\u0119dzie&#8221;.<\/p>\n<p>Jeden z dziennikarzy &#8222;DP&#8221;, kt\u00f3ry zgodzi\u0142 si\u0119 na nieoficjaln\u0105 rozmow\u0119, relacjonuje: &#8211; Z\u0142o\u017cenie o\u015bwiadcze\u0144 jest dobrowolne, dotyczy os\u00f3b, kt\u00f3re urodzi\u0142y si\u0119 przed 1972 r. Zapowiedziano nam, \u017ce niez\u0142o\u017cenie takiego dokumentu nie b\u0119dzie poci\u0105ga\u0142o za sob\u0105 \u017cadnych konsekwencji.<\/p>\n<p>Jego kolega dodaje: &#8211; Chcemy by\u0107 w pierwszym szeregu frontu lustracyjnego. Te o\u015bwiadczenia s\u0105 niby dobrowolne, ale w\u0142a\u015bciwie obowi\u0105zkowe. O tym, czy nie b\u0119dzie konsekwencji, je\u015bli kto\u015b si\u0119 nie zgodzi, przekonamy si\u0119 za jaki\u015b czas. <\/p>\n<p>&#8211; Dla mnie to normalna sprawa. Z\u0142o\u017cy\u0142em o\u015bwiadczenie, podpisa\u0142em. Pracodawca wymaga, a mnie to ani zi\u0119bi, ani grzeje. Nie rozmawiam te\u017c z nikim na ten temat &#8211; m\u00f3wi jeden ze starszych pracownik\u00f3w &#8222;Dziennika&#8221;.<\/p>\n<p>&#8211; Zesp\u00f3\u0142 podzieli\u0142 si\u0119 na zwolennik\u00f3w pomys\u0142u dyrekcji, kt\u00f3rzy nie boj\u0105 si\u0119 o tym m\u00f3wi\u0107, i na przeciwnik\u00f3w, kt\u00f3rzy m\u00f3wi\u0107 si\u0119 boj\u0105. Bo przecie\u017c nikt nie ma pewno\u015bci, jak sprzeciw potraktuje kierownictwo &#8211; powiedzia\u0142 &#8222;GW&#8221; jeden ze wsp\u00f3\u0142pracownik\u00f3w &#8222;DP&#8221;. <\/p>\n<p>Cz\u0119\u015b\u0107 za\u0142ogi (&#8222;prolustracyjna&#8221;) powo\u0142uje si\u0119 na sytuacj\u0119 w Niemczech: &#8211; Tam pracodawca ma prawo wymaga\u0107 o\u015bwiadcze\u0144 lustracyjnych od swoich pracownik\u00f3w.<\/p>\n<p>&#8211; Ci, kt\u00f3rzy s\u0105 przeciw, wol\u0105 powiedzie\u0107: &#8222;Ta sprawa mnie nie obchodzi&#8221; &#8211; dodaje rozm\u00f3wca &#8222;Wyborczej&#8221;.<\/p>\n","protected":false},"excerpt":{"rendered":"Jedna z najwi\u0119kszych krakowskich gazet wezwa\u0142a swoich dziennikarzy do z\u0142o\u017cenia o\u015bwiadcze\u0144 lustracyjnych &#8211; pisze &#8222;Gazeta Wyborcza&#8221;. Uchwa\u0142\u0119 o lustracji zespo\u0142u podj\u0105\u0142 zarz\u0105d z\u0142o\u017cony z by\u0142ych dziennikarzy pisz\u0105cych w stanie wojennym w PRL-owskiej prasie","protected":false},"author":1,"featured_media":0,"comment_status":"open","ping_status":"closed","sticky":false,"template":"","format":"standard","meta":{"csco_display_header_overlay":false,"csco_singular_sidebar":"","csco_page_header_type":"","csco_page_load_nextpost":"","csco_post_video_location":[],"csco_post_video_location_hash":"","csco_post_video_url":"","csco_post_video_bg_start_time":0,"csco_post_video_bg_end_time":0,"footnotes":""},"categories":[9673],"tags":[],"class_list":{"0":"post-81752","1":"post","2":"type-post","3":"status-publish","4":"format-standard","6":"category-prasa","7":"cs-entry","8":"cs-video-wrap"},"_links":{"self":[{"href":"https:\/\/mediarun.com\/pl\/wp-json\/wp\/v2\/posts\/81752","targetHints":{"allow":["GET"]}}],"collection":[{"href":"https:\/\/mediarun.com\/pl\/wp-json\/wp\/v2\/posts"}],"about":[{"href":"https:\/\/mediarun.com\/pl\/wp-json\/wp\/v2\/types\/post"}],"author":[{"embeddable":true,"href":"https:\/\/mediarun.com\/pl\/wp-json\/wp\/v2\/users\/1"}],"replies":[{"embeddable":true,"href":"https:\/\/mediarun.com\/pl\/wp-json\/wp\/v2\/comments?post=81752"}],"version-history":[{"count":0,"href":"https:\/\/mediarun.com\/pl\/wp-json\/wp\/v2\/posts\/81752\/revisions"}],"wp:attachment":[{"href":"https:\/\/mediarun.com\/pl\/wp-json\/wp\/v2\/media?parent=81752"}],"wp:term":[{"taxonomy":"category","embeddable":true,"href":"https:\/\/mediarun.com\/pl\/wp-json\/wp\/v2\/categories?post=81752"},{"taxonomy":"post_tag","embeddable":true,"href":"https:\/\/mediarun.com\/pl\/wp-json\/wp\/v2\/tags?post=81752"}],"curies":[{"name":"wp","href":"https:\/\/api.w.org\/{rel}","templated":true}]}}