{"id":81747,"date":"2006-01-24T18:50:57","date_gmt":"2006-01-24T17:50:57","guid":{"rendered":"https:\/\/mediarun.com\/index.php\/news-posts\/koncert-z-okazji-podwojnego-jubileuszu\/"},"modified":"2006-01-24T18:50:57","modified_gmt":"2006-01-24T17:50:57","slug":"koncert-z-okazji-podwojnego-jubileuszu","status":"publish","type":"post","link":"https:\/\/mediarun.com\/pl\/media\/radio\/koncert-z-okazji-podwojnego-jubileuszu.html","title":{"rendered":"Koncert z okazji podw\u00f3jnego jubileuszu"},"content":{"rendered":"<p>Zagra Polska Orkiestra Radiowa pod dyrekcj\u0105 Jubilata. W programie pojawi\u0105 si\u0119 utwory Wolfganga Amadeusa Mozarta, Jana Krenza i Franza Schuberta <\/p>\n<p>Koncert b\u0119dzie transmitowany na antenie Dw\u00f3jki.<\/p>\n","protected":false},"excerpt":{"rendered":"W zwi\u0105zku z 80-tymi urodzinami i 60-leciem pracy artystycznej Jana Krenza radiowa Dw\u00f3jka przygotowuje koncert, kt\u00f3ry odb\u0119dzie si\u0119 w niedziel\u0119 5 lutego, o godzinie 18 w Studiu Koncertowym Polskiego Radia im. Witolda Lutos\u0142awskiego.","protected":false},"author":1,"featured_media":81748,"comment_status":"open","ping_status":"closed","sticky":false,"template":"","format":"standard","meta":{"csco_display_header_overlay":false,"csco_singular_sidebar":"","csco_page_header_type":"","csco_page_load_nextpost":"","csco_post_video_location":[],"csco_post_video_location_hash":"","csco_post_video_url":"","csco_post_video_bg_start_time":0,"csco_post_video_bg_end_time":0,"footnotes":""},"categories":[9672],"tags":[],"class_list":{"0":"post-81747","1":"post","2":"type-post","3":"status-publish","4":"format-standard","5":"has-post-thumbnail","7":"category-radio","8":"cs-entry","9":"cs-video-wrap"},"_links":{"self":[{"href":"https:\/\/mediarun.com\/pl\/wp-json\/wp\/v2\/posts\/81747","targetHints":{"allow":["GET"]}}],"collection":[{"href":"https:\/\/mediarun.com\/pl\/wp-json\/wp\/v2\/posts"}],"about":[{"href":"https:\/\/mediarun.com\/pl\/wp-json\/wp\/v2\/types\/post"}],"author":[{"embeddable":true,"href":"https:\/\/mediarun.com\/pl\/wp-json\/wp\/v2\/users\/1"}],"replies":[{"embeddable":true,"href":"https:\/\/mediarun.com\/pl\/wp-json\/wp\/v2\/comments?post=81747"}],"version-history":[{"count":0,"href":"https:\/\/mediarun.com\/pl\/wp-json\/wp\/v2\/posts\/81747\/revisions"}],"wp:featuredmedia":[{"embeddable":true,"href":"https:\/\/mediarun.com\/pl\/wp-json\/wp\/v2\/media\/81748"}],"wp:attachment":[{"href":"https:\/\/mediarun.com\/pl\/wp-json\/wp\/v2\/media?parent=81747"}],"wp:term":[{"taxonomy":"category","embeddable":true,"href":"https:\/\/mediarun.com\/pl\/wp-json\/wp\/v2\/categories?post=81747"},{"taxonomy":"post_tag","embeddable":true,"href":"https:\/\/mediarun.com\/pl\/wp-json\/wp\/v2\/tags?post=81747"}],"curies":[{"name":"wp","href":"https:\/\/api.w.org\/{rel}","templated":true}]}}