{"id":81736,"date":"2006-01-25T06:00:00","date_gmt":"2006-01-25T05:00:00","guid":{"rendered":"https:\/\/mediarun.com\/index.php\/news-posts\/porozumienie-na-linii-edelman-migut-media\/"},"modified":"2006-01-25T06:00:00","modified_gmt":"2006-01-25T05:00:00","slug":"porozumienie-na-linii-edelman-migut-media","status":"publish","type":"post","link":"https:\/\/mediarun.com\/pl\/wydarzenia\/porozumienie-na-linii-edelman-migut-media.html","title":{"rendered":"Porozumienie na linii Edelman &#8211; Migut Media"},"content":{"rendered":"<p><P>oraz Migut Media S.A., b\u0119d\u0105cej wi\u0119kszo\u015bciowym akcjonariuszem sp\u00f3\u0142ki BCA S.A. <\/P><br \/>\n<P>Zdaniem zainteresowanych stron porozumienie znosi kontrowersje zwi\u0105zane z utworzeniem przez Edelman Inc. sp\u00f3\u0142ki Edelman Polska. Wies\u0142aw Migut wycofa\u0142 si\u0119 ze swoich wcze\u015bniejszych zarzut\u00f3w i obecnie uznaje, \u017ce &#8222;brak jest przes\u0142anek do twierdzenia o naruszeniu przez Edelman Polska Sp. z o.o., inne sp\u00f3\u0142ki grupy Edelman lub ich pracownik\u00f3w prawa i zasad obowi\u0105zuj\u0105cych w biznesie.&#8221;<\/P><br \/>\n<P>Wszelkie okoliczno\u015bci konfliktu zosta\u0142y pomi\u0119dzy stronami wyja\u015bnione, a Edelman Inc. podj\u0105\u0142 decyzj\u0119 co do zakupu pakietu akcji, jakie Migut Media S.A. posiada w BCA S.A. <\/P><\/p>\n","protected":false},"excerpt":{"rendered":"30 grudnia 2005 r. dosz\u0142o do porozumienia pomi\u0119dzy Edelman Inc., Edelman Polska Sp. z o.o. a Wies\u0142awem Migutem&#8230;","protected":false},"author":1,"featured_media":81737,"comment_status":"open","ping_status":"closed","sticky":false,"template":"","format":"standard","meta":{"csco_display_header_overlay":false,"csco_singular_sidebar":"","csco_page_header_type":"","csco_page_load_nextpost":"","csco_post_video_location":[],"csco_post_video_location_hash":"","csco_post_video_url":"","csco_post_video_bg_start_time":0,"csco_post_video_bg_end_time":0,"footnotes":""},"categories":[46],"tags":[],"class_list":{"0":"post-81736","1":"post","2":"type-post","3":"status-publish","4":"format-standard","5":"has-post-thumbnail","7":"category-wydarzenia","8":"cs-entry","9":"cs-video-wrap"},"_links":{"self":[{"href":"https:\/\/mediarun.com\/pl\/wp-json\/wp\/v2\/posts\/81736","targetHints":{"allow":["GET"]}}],"collection":[{"href":"https:\/\/mediarun.com\/pl\/wp-json\/wp\/v2\/posts"}],"about":[{"href":"https:\/\/mediarun.com\/pl\/wp-json\/wp\/v2\/types\/post"}],"author":[{"embeddable":true,"href":"https:\/\/mediarun.com\/pl\/wp-json\/wp\/v2\/users\/1"}],"replies":[{"embeddable":true,"href":"https:\/\/mediarun.com\/pl\/wp-json\/wp\/v2\/comments?post=81736"}],"version-history":[{"count":0,"href":"https:\/\/mediarun.com\/pl\/wp-json\/wp\/v2\/posts\/81736\/revisions"}],"wp:featuredmedia":[{"embeddable":true,"href":"https:\/\/mediarun.com\/pl\/wp-json\/wp\/v2\/media\/81737"}],"wp:attachment":[{"href":"https:\/\/mediarun.com\/pl\/wp-json\/wp\/v2\/media?parent=81736"}],"wp:term":[{"taxonomy":"category","embeddable":true,"href":"https:\/\/mediarun.com\/pl\/wp-json\/wp\/v2\/categories?post=81736"},{"taxonomy":"post_tag","embeddable":true,"href":"https:\/\/mediarun.com\/pl\/wp-json\/wp\/v2\/tags?post=81736"}],"curies":[{"name":"wp","href":"https:\/\/api.w.org\/{rel}","templated":true}]}}