{"id":81729,"date":"2006-01-25T06:00:00","date_gmt":"2006-01-25T05:00:00","guid":{"rendered":"https:\/\/mediarun.com\/index.php\/news-posts\/czyste-brzmienie-garnier-2\/"},"modified":"2006-01-25T06:00:00","modified_gmt":"2006-01-25T05:00:00","slug":"czyste-brzmienie-garnier-2","status":"publish","type":"post","link":"https:\/\/mediarun.com\/pl\/marketing\/atl\/czyste-brzmienie-garnier-2.html","title":{"rendered":"Czyste brzmienie Garnier"},"content":{"rendered":"<p><P>Przygotowany przez Publicis 30-sekundowy spot telewizyjny prezentuje krem nawil\u017caj\u0105cy Czysta Sk\u00f3ra A z gamy kosmetyk\u00f3w Garnier Czysta Sk\u00f3ra. Reklamy kosmetyk\u00f3w Garnier Czysta Sk\u00f3ra pojawi\u0105 si\u0119 te\u017c w prasie (Dziewczyna, Olivia, Popcorn, Twist, Cogito).<\/P><br \/>\n<P>W najbli\u017cszy weekend rusza r\u00f3wnie\u017c akcja Garnier Czyste Brzmienie, kt\u00f3r\u0105 wspiera jeden z najlepszych polskich DJ\u00f3w &#8211; DJ Adamus. W centrach handlowych najwi\u0119kszych miast Polski na stoiskach Garnier b\u0119dzie mo\u017cna zbada\u0107 swoj\u0105 sk\u00f3r\u0119, a po zakupie dw\u00f3ch produkt\u00f3w otrzyma\u0107 atrakcyjne muzyczne prezenty &#8211; odtwarzacze mp3 i p\u0142yty z muzyk\u0105 DJ Adamusa.<\/P><br \/>\n<P>Szczeg\u00f3\u0142owe informacje dotycz\u0105ce akcji Garnier Czyste Brzmienie mo\u017cna znale\u017a\u0107 na stronie internetowej <A href=\"http:\/\/www.garnierczystebrzmienie.pl\">www.garnierczystebrzmienie.pl<\/A>.<\/P><br \/>\n<P>Stoiska i materia\u0142y wspieraj\u0105ce akcj\u0119 w punktach sprzeda\u017cy przygotowa\u0142a agencja Publicis. Kolejne imprezy w centrach handlowych b\u0119d\u0105 te\u017c reklamowane w lokalnych rozg\u0142o\u015bniach Radia Eska i tr\u00f3jmiejskim Radiu Hit.<\/P><br \/>\n<P>Media dla kampanii zaplanowa\u0142 dom mediowy Optimedia. <\/P><\/p>\n","protected":false},"excerpt":{"rendered":"&quot;Niedoskona\u0142o\u015bci? Zagraj im na nosie. Stosuj Garnier Czyst\u0105 Sk\u00f3r\u0119&quot; &#8211; to g\u0142\u00f3wne has\u0142o, reklamuj\u0105ce gam\u0119 kosmetyk\u00f3w do twarzy firmy Garnier.","protected":false},"author":1,"featured_media":81730,"comment_status":"open","ping_status":"closed","sticky":false,"template":"","format":"standard","meta":{"csco_display_header_overlay":false,"csco_singular_sidebar":"","csco_page_header_type":"","csco_page_load_nextpost":"","csco_post_video_location":[],"csco_post_video_location_hash":"","csco_post_video_url":"","csco_post_video_bg_start_time":0,"csco_post_video_bg_end_time":0,"footnotes":""},"categories":[9642],"tags":[],"class_list":{"0":"post-81729","1":"post","2":"type-post","3":"status-publish","4":"format-standard","5":"has-post-thumbnail","7":"category-atl","8":"cs-entry","9":"cs-video-wrap"},"_links":{"self":[{"href":"https:\/\/mediarun.com\/pl\/wp-json\/wp\/v2\/posts\/81729","targetHints":{"allow":["GET"]}}],"collection":[{"href":"https:\/\/mediarun.com\/pl\/wp-json\/wp\/v2\/posts"}],"about":[{"href":"https:\/\/mediarun.com\/pl\/wp-json\/wp\/v2\/types\/post"}],"author":[{"embeddable":true,"href":"https:\/\/mediarun.com\/pl\/wp-json\/wp\/v2\/users\/1"}],"replies":[{"embeddable":true,"href":"https:\/\/mediarun.com\/pl\/wp-json\/wp\/v2\/comments?post=81729"}],"version-history":[{"count":0,"href":"https:\/\/mediarun.com\/pl\/wp-json\/wp\/v2\/posts\/81729\/revisions"}],"wp:featuredmedia":[{"embeddable":true,"href":"https:\/\/mediarun.com\/pl\/wp-json\/wp\/v2\/media\/81730"}],"wp:attachment":[{"href":"https:\/\/mediarun.com\/pl\/wp-json\/wp\/v2\/media?parent=81729"}],"wp:term":[{"taxonomy":"category","embeddable":true,"href":"https:\/\/mediarun.com\/pl\/wp-json\/wp\/v2\/categories?post=81729"},{"taxonomy":"post_tag","embeddable":true,"href":"https:\/\/mediarun.com\/pl\/wp-json\/wp\/v2\/tags?post=81729"}],"curies":[{"name":"wp","href":"https:\/\/api.w.org\/{rel}","templated":true}]}}