{"id":81704,"date":"2006-01-25T08:12:44","date_gmt":"2006-01-25T07:12:44","guid":{"rendered":"https:\/\/mediarun.com\/index.php\/news-posts\/twoje-radio-krasnik-w-eterze\/"},"modified":"2006-01-25T08:12:44","modified_gmt":"2006-01-25T07:12:44","slug":"twoje-radio-krasnik-w-eterze","status":"publish","type":"post","link":"https:\/\/mediarun.com\/pl\/media\/radio\/twoje-radio-krasnik-w-eterze.html","title":{"rendered":"Twoje Radio Kra\u015bnik w eterze"},"content":{"rendered":"<p>Mi\u0119dzy godzin\u0105 8, a 9 nadawana jest poranna audycja. &#8211; To pasmo kierujemy raczej do ludzi starszych, kt\u00f3rzy s\u0105 akurat w domach czy w pracy. Popo\u0142udniowe za\u015b pomi\u0119dzy 18.30 a 19,30 to g\u0142ownie czas dla m\u0142odzie\u017cy. Tam b\u0119d\u0105 mogli si\u0119 wykaza\u0107 &#8211; m\u00f3wi &#8222;Dziennikowi Wschodniemu&#8221; Grzegorz Jankowski, dyrektor programowy Radia Kra\u015bnik. <\/p>\n<p>Przez reszt\u0119 cz\u0119\u015b\u0107 dnia pojawia si\u0119 jedynie muzyka. Radio Kra\u015bnik dzia\u0142a przy Centrum Kultury i Promocji w Kra\u015bniku.<\/p>\n","protected":false},"excerpt":{"rendered":"W pi\u0105tek nadawanie rozpocz\u0119\u0142o Twoje Radio Kra\u015bnik. Rozg\u0142o\u015bnia nadaje na falach \u015brednich na cz\u0119stotliwo\u015bci 531 kHz. Stacja emituje swoje audycje w dw\u00f3ch pasmach &#8211; od 8 do 9 oraz od 18.30 do 19.30.","protected":false},"author":1,"featured_media":0,"comment_status":"open","ping_status":"closed","sticky":false,"template":"","format":"standard","meta":{"csco_display_header_overlay":false,"csco_singular_sidebar":"","csco_page_header_type":"","csco_page_load_nextpost":"","csco_post_video_location":[],"csco_post_video_location_hash":"","csco_post_video_url":"","csco_post_video_bg_start_time":0,"csco_post_video_bg_end_time":0,"footnotes":""},"categories":[9672],"tags":[],"class_list":{"0":"post-81704","1":"post","2":"type-post","3":"status-publish","4":"format-standard","6":"category-radio","7":"cs-entry","8":"cs-video-wrap"},"_links":{"self":[{"href":"https:\/\/mediarun.com\/pl\/wp-json\/wp\/v2\/posts\/81704","targetHints":{"allow":["GET"]}}],"collection":[{"href":"https:\/\/mediarun.com\/pl\/wp-json\/wp\/v2\/posts"}],"about":[{"href":"https:\/\/mediarun.com\/pl\/wp-json\/wp\/v2\/types\/post"}],"author":[{"embeddable":true,"href":"https:\/\/mediarun.com\/pl\/wp-json\/wp\/v2\/users\/1"}],"replies":[{"embeddable":true,"href":"https:\/\/mediarun.com\/pl\/wp-json\/wp\/v2\/comments?post=81704"}],"version-history":[{"count":0,"href":"https:\/\/mediarun.com\/pl\/wp-json\/wp\/v2\/posts\/81704\/revisions"}],"wp:attachment":[{"href":"https:\/\/mediarun.com\/pl\/wp-json\/wp\/v2\/media?parent=81704"}],"wp:term":[{"taxonomy":"category","embeddable":true,"href":"https:\/\/mediarun.com\/pl\/wp-json\/wp\/v2\/categories?post=81704"},{"taxonomy":"post_tag","embeddable":true,"href":"https:\/\/mediarun.com\/pl\/wp-json\/wp\/v2\/tags?post=81704"}],"curies":[{"name":"wp","href":"https:\/\/api.w.org\/{rel}","templated":true}]}}