{"id":81692,"date":"2006-01-25T11:24:38","date_gmt":"2006-01-25T10:24:38","guid":{"rendered":"https:\/\/mediarun.com\/index.php\/news-posts\/stypendysci-fundacji-komandor\/"},"modified":"2006-01-25T11:24:38","modified_gmt":"2006-01-25T10:24:38","slug":"stypendysci-fundacji-komandor","status":"publish","type":"post","link":"https:\/\/mediarun.com\/pl\/trendy\/branding\/stypendysci-fundacji-komandor.html","title":{"rendered":"Stypendy\u015bci Fundacji Komandor"},"content":{"rendered":"<p>Fundusz Stypendialny to inicjatywa Fundacji Komandor maj\u0105ca na celu wsparcie uzdolnionych os\u00f3b, kt\u00f3re pragn\u0105 rozwija\u0107 si\u0119 i kszta\u0142ci\u0107. Stypendium przeznaczone jest na rozw\u00f3j uzdolnie\u0144 i zainteresowa\u0144 oraz ma wspomaga\u0107 stosowanie zdobytej wiedzy w praktyce. O stypendium mog\u0105 ubiega\u0107 si\u0119 uczniowie szk\u00f3\u0142 podstawowych, gimnazjalnych oraz ponadgimnazjalnych, kt\u00f3rzy osi\u0105gaj\u0105 dobre wyniki w nauce, cechuj\u0105 si\u0119 wybitnymi zdolno\u015bciami w jednej z dziedzin, takich jak nauka, sztuka lub sport lub s\u0105 finalistami konkurs\u00f3w przedmiotowych, olimpiad itp.<\/p>\n<p>Jednym z tegorocznych stypendyst\u00f3w jest Micha\u0142 Fiuk z I-go Liceum im. Miko\u0142aja Kopernika w Lubinie (woj. dolno\u015bl\u0105skie). Chcia\u0142bym gor\u0105co podzi\u0119kowa\u0107 za pozytywne rozpatrzenie wniosku. Mieszkam w miejscowo\u015bci, do kt\u00f3rej nie jest do\u0142\u0105czone \u017cadne \u0142\u0105cze internetowe, wi\u0119c zagl\u0105dam na swoj\u0105 skrzynk\u0119 e-mail i korzystam z internetu jak tylko mam czas i sposobno\u015b\u0107  dojecha\u0107 do kawiarenki&#8230; Chodz\u0119 do 1LO w Lubinie. Szko\u0142a ma bardzo wysoki poziom. Zd\u0105\u017cy\u0142em si\u0119 zaaklimatyzowa\u0107. Obecnie jestem najlepszym uczniem w klasie i wiceprzewodnicz\u0105cym klasy. Wraz z kole\u017cankami z 2 i 3 klasy zdobyli\u015bmy Pierwsze miejsce  dla naszej szko\u0142y w Dru\u017cynowych Zmaganiach  Ekologicznych Uczni\u00f3w Szk\u00f3\u0142 \u015arednich Powiatu Lubi\u0144skiego, nale\u017c\u0119 do klubu szermierczego Olimp i zdoby\u0142em 3 miejsce w kategorii m\u0119\u017cczyzn w zawodach w Szpadzie. Bior\u0119 udzia\u0142 w tworzeniu gazetki szkolnej (umieszczane s\u0105 w nim  co miesi\u0105c moje wiersze). Micha\u0142 zosta\u0142 wybrany do grona stypendyst\u00f3w spo\u015br\u00f3d ponad dwustu os\u00f3b zg\u0142oszonych do II edycji programu.<\/p>\n<p>W\u015br\u00f3d laureat\u00f3w jest r\u00f3wnie\u017c Justyna Kaletka z Liceum Og\u00f3lnokszta\u0142c\u0105cego nr 1 w Gliwicach, kt\u00f3ra zosta\u0142a stypendystk\u0105 Fundacji Komandor ju\u017c po raz drugi: Dzi\u0119ki Stypendium Fundacji w czerwcu b\u0119d\u0119 mog\u0142a przyst\u0105pi\u0107 do egzaminu FCE (zapisy s\u0105 w marcu, dlatego ju\u017c teraz musz\u0119 od\u0142o\u017cy\u0107 wymagan\u0105 kwot\u0119. <\/p>\n<p>Do II edycji Programu Stypendialnego nap\u0142yn\u0119\u0142y 204 wnioski, kt\u00f3re zosta\u0142y sprawdzone pod wzgl\u0119dem formalnym &#8211; czy zgadza\u0142y si\u0119 z regulaminem, czy zawiera\u0142y wszystkie wymagane dokumenty. Do drugiego etapu zosta\u0142o zakwalifikowanych 167 wniosk\u00f3w. Nast\u0119pnie oceniono osi\u0105gni\u0119cia uczni\u00f3w &#8211; udzia\u0142 w konkursach, olimpiadach j\u0119zykowych matematycznych, sportowych itp. Wa\u017cna dla nas by\u0142a r\u00f3wnie\u017c dzia\u0142alno\u015b\u0107 spo\u0142eczna &#8211; zaanga\u017cowanie w wolontariat, organizacje spo\u0142eczne. Atutem by\u0142o r\u00f3wnie\u017c uczestnictwo w projektach edukacyjnych Fundacji. Dodatkowym kryterium rozwa\u017canym przez Rad\u0119 Programu Stypendialnego by\u0142a trudna sytuacja materialna. Rada Programu wzi\u0119\u0142a pod uwag\u0119 wszystkie te czynniki przy podejmowaniu decyzji o przyznaniu stypendi\u00f3w w wysoko\u015bci 100 z\u0142 miesi\u0119cznie 18 osobom &#8211; Katarzyna Ciurlik (Dyrektor ds. Programowych Fundacji Komandor).<\/p>\n<p>Wysoko\u015b\u0107 rat i liczba przyznanych stypendi\u00f3w w danym roku szkolnym jest uzale\u017cniona od \u015brodk\u00f3w zgromadzonych w Funduszu Stypendialnym. Dlatego te\u017c, wp\u0142acaj\u0105c na rzecz Fundacji Komandor 1% swojego podatku dochodowego, w\u0142\u0105czacie si\u0119 Pa\u0144stwo w tworzenie Funduszu Stypendialnego, dzi\u0119ki kt\u00f3remu dzieci mog\u0105 rozwija\u0107 swoje zainteresowania i pasje. Wi\u0119cej informacji na stronie: www.fundacja.komandor.pl\/stypendia<\/p>\n","protected":false},"excerpt":{"rendered":"Ju\u017c po raz drugi Fundacja Komandor przyzna\u0142a stypendia najaktywniejszym uczniom ze szk\u00f3\u0142 podstawowych i ponadpodstawowych. W tym roku stypendia otrzyma\u0142o 18 os\u00f3b z ca\u0142ej Polski. W\u015br\u00f3d nich znale\u017ali si\u0119 tak\u017ce gimnazjali\u015bci, kt\u00f3rzy uczestniczyli w programie edukacyjnym Fundacji &#8222;Pakiet Wrze\u015bniowy&#8221;.","protected":false},"author":1,"featured_media":0,"comment_status":"open","ping_status":"closed","sticky":false,"template":"","format":"standard","meta":{"csco_display_header_overlay":false,"csco_singular_sidebar":"","csco_page_header_type":"","csco_page_load_nextpost":"","csco_post_video_location":[],"csco_post_video_location_hash":"","csco_post_video_url":"","csco_post_video_bg_start_time":0,"csco_post_video_bg_end_time":0,"footnotes":""},"categories":[9658],"tags":[],"class_list":{"0":"post-81692","1":"post","2":"type-post","3":"status-publish","4":"format-standard","6":"category-branding","7":"cs-entry","8":"cs-video-wrap"},"_links":{"self":[{"href":"https:\/\/mediarun.com\/pl\/wp-json\/wp\/v2\/posts\/81692","targetHints":{"allow":["GET"]}}],"collection":[{"href":"https:\/\/mediarun.com\/pl\/wp-json\/wp\/v2\/posts"}],"about":[{"href":"https:\/\/mediarun.com\/pl\/wp-json\/wp\/v2\/types\/post"}],"author":[{"embeddable":true,"href":"https:\/\/mediarun.com\/pl\/wp-json\/wp\/v2\/users\/1"}],"replies":[{"embeddable":true,"href":"https:\/\/mediarun.com\/pl\/wp-json\/wp\/v2\/comments?post=81692"}],"version-history":[{"count":0,"href":"https:\/\/mediarun.com\/pl\/wp-json\/wp\/v2\/posts\/81692\/revisions"}],"wp:attachment":[{"href":"https:\/\/mediarun.com\/pl\/wp-json\/wp\/v2\/media?parent=81692"}],"wp:term":[{"taxonomy":"category","embeddable":true,"href":"https:\/\/mediarun.com\/pl\/wp-json\/wp\/v2\/categories?post=81692"},{"taxonomy":"post_tag","embeddable":true,"href":"https:\/\/mediarun.com\/pl\/wp-json\/wp\/v2\/tags?post=81692"}],"curies":[{"name":"wp","href":"https:\/\/api.w.org\/{rel}","templated":true}]}}