{"id":81676,"date":"2006-01-25T12:28:42","date_gmt":"2006-01-25T11:28:42","guid":{"rendered":"https:\/\/mediarun.com\/index.php\/news-posts\/ustawa-do-trybunalu-konstytucyjnego\/"},"modified":"2006-01-25T12:28:42","modified_gmt":"2006-01-25T11:28:42","slug":"ustawa-do-trybunalu-konstytucyjnego","status":"publish","type":"post","link":"https:\/\/mediarun.com\/pl\/media\/tv\/ustawa-do-trybunalu-konstytucyjnego.html","title":{"rendered":"Ustawa do Trybuna\u0142u Konstytucyjnego"},"content":{"rendered":"<p>&#8211; Rzecznika o skierowanie ustawy do Trybuna\u0142u poprosi\u0142a na pocz\u0105tku stycznia by\u0142a szefowa KRRiT Danuta Waniek. Wed\u0142ug niej ustaw\u0119, przeprowadzon\u0105 przez parlament w niezwykle szybkim tempie, uchwalono w niekonstytucyjnym trybie. Rzecznik przyjrza\u0142 si\u0119 ustawie i nie zostawi\u0142 na jej zapisach (i sposobie uchwalenia) suchej nitki. &#8211; pisze &#8222;Rzeczpospolita&#8221;<\/p>\n<p>-Zdaniem prof. Zolla ustawa nie jest zgodna z konstytucj\u0105 w pi\u0119ciu punktach. Po pierwsze, chodzi o zapis, na podstawie kt\u00f3rego wygas\u0142a kadencja starego sk\u0142adu Rady. &#8222;Nieusuwalno\u015b\u0107 przewodnicz\u0105cego rady i jej cz\u0142onk\u00f3w przed up\u0142ywem kadencji jest gwarancj\u0105 ich niezale\u017cno\u015bci&#8221; &#8211; napisa\u0142 rzecznik w uzasadnieniu wniosku do Trybuna\u0142u. &#8211;  Wed\u0142ug niego nowa ustawa przerwa\u0142a te\u017c ci\u0105g\u0142o\u015b\u0107 istnienia rady (KRRiT nie ma od prawie miesi\u0105ca). Takie &#8222;bezkr\u00f3lewie&#8221; szkodzi np. firmom medialnym, kt\u00f3re czekaj\u0105 na decyzje Rady w sprawie koncesji. &#8211; czytamy w &#8222;Rzeczpospolitej&#8221;<\/p>\n<p>&#8211; Rzecznik kwestionuje te\u017c przepis, kt\u00f3ry daje prezydentowi prawo powo\u0142ywania i odwo\u0142ywania przewodnicz\u0105cego KRRiT. Rzecznik uwa\u017ca, \u017ce skoro takiego uprawnienia prezydent nie ma w konstytucji, to jego decyzja musia\u0142aby zdoby\u0107 aprobat\u0119 premiera (tzw. kontrasygnat\u0119). A to oznacza, \u017ce szef rz\u0105du (z ramienia kt\u00f3rejkolwiek partii) mia\u0142by wp\u0142yw na wyb\u00f3r przewodnicz\u0105cego niezale\u017cnej KRRiT.  Za sprzeczny z konstytucyjn\u0105 zasad\u0105 r\u00f3wno\u015bci wobec prawa RPO uzna\u0142 r\u00f3wnie\u017c przepis, kt\u00f3ry automatycznie odnawia koncesje nadawcom spo\u0142ecznym. Rzecznik zarzuci\u0142 wreszcie autorom ustawy niezgodny z prawem pilny tryb pracy nad ustaw\u0105, kt\u00f3ry mo\u017cewprowadzi\u0107 tylko rz\u0105d, a projekt ustawy wnie\u015bli pos\u0142owie. &#8211; donosi dziennik<\/p>\n<p>Wed\u0142ug znawc\u00f3w prawa konstytucyjnego &#8211; ustawa zawiera b\u0142\u0119dy. Decyzje nie mog\u0105 by\u0107 podejmowane wi\u0119kszo\u015bci\u0105 dw\u00f3ch trzecich g\u0142os\u00f3w, je\u015bli w Radzie zasi\u0105dzie pi\u0119ciu cz\u0142onk\u00f3w.<\/p>\n<p>Satysfakcji z podj\u0119tych przez RPO dzia\u0142a\u0144 nie ukrywa\u0142a we wtorek Danuta Waniek, by\u0142a przewodnicz\u0105ca KRRiT. Waniek ma wstrzyma\u0107 si\u0119 z ubieganiem o odszkodowanie do czasu podj\u0119cia przez &#8222;TK&#8221; decyzji.<\/p>\n","protected":false},"excerpt":{"rendered":"W pi\u0105tek maj\u0105 zosta\u0107 wybrani nowi cz\u0142onkowie KRRiT. Na par\u0119 dni przed g\u0142osowaniem &#8211; Rzecznik Praw Obywatelskich zaskar\u017cy\u0142 ustaw\u0119 medialn\u0105 do Trybuna\u0142u Konstytucyjnego. Niezale\u017cny wniosek przygotowuje SLD. Wed\u0142ug prof. Zolla, szczeg\u00f3lne kontrowersje budzi tryb, w jakim przyj\u0119to ustaw\u0119.","protected":false},"author":1,"featured_media":81677,"comment_status":"open","ping_status":"closed","sticky":false,"template":"","format":"standard","meta":{"csco_display_header_overlay":false,"csco_singular_sidebar":"","csco_page_header_type":"","csco_page_load_nextpost":"","csco_post_video_location":[],"csco_post_video_location_hash":"","csco_post_video_url":"","csco_post_video_bg_start_time":0,"csco_post_video_bg_end_time":0,"footnotes":""},"categories":[9670],"tags":[],"class_list":{"0":"post-81676","1":"post","2":"type-post","3":"status-publish","4":"format-standard","5":"has-post-thumbnail","7":"category-tv","8":"cs-entry","9":"cs-video-wrap"},"_links":{"self":[{"href":"https:\/\/mediarun.com\/pl\/wp-json\/wp\/v2\/posts\/81676","targetHints":{"allow":["GET"]}}],"collection":[{"href":"https:\/\/mediarun.com\/pl\/wp-json\/wp\/v2\/posts"}],"about":[{"href":"https:\/\/mediarun.com\/pl\/wp-json\/wp\/v2\/types\/post"}],"author":[{"embeddable":true,"href":"https:\/\/mediarun.com\/pl\/wp-json\/wp\/v2\/users\/1"}],"replies":[{"embeddable":true,"href":"https:\/\/mediarun.com\/pl\/wp-json\/wp\/v2\/comments?post=81676"}],"version-history":[{"count":0,"href":"https:\/\/mediarun.com\/pl\/wp-json\/wp\/v2\/posts\/81676\/revisions"}],"wp:featuredmedia":[{"embeddable":true,"href":"https:\/\/mediarun.com\/pl\/wp-json\/wp\/v2\/media\/81677"}],"wp:attachment":[{"href":"https:\/\/mediarun.com\/pl\/wp-json\/wp\/v2\/media?parent=81676"}],"wp:term":[{"taxonomy":"category","embeddable":true,"href":"https:\/\/mediarun.com\/pl\/wp-json\/wp\/v2\/categories?post=81676"},{"taxonomy":"post_tag","embeddable":true,"href":"https:\/\/mediarun.com\/pl\/wp-json\/wp\/v2\/tags?post=81676"}],"curies":[{"name":"wp","href":"https:\/\/api.w.org\/{rel}","templated":true}]}}