{"id":81673,"date":"2006-01-25T20:06:35","date_gmt":"2006-01-25T19:06:35","guid":{"rendered":"https:\/\/mediarun.com\/index.php\/news-posts\/eurozet-chce-udzialow-w-lokalnych-stacjach\/"},"modified":"2006-01-25T20:06:35","modified_gmt":"2006-01-25T19:06:35","slug":"eurozet-chce-udzialow-w-lokalnych-stacjach","status":"publish","type":"post","link":"https:\/\/mediarun.com\/pl\/media\/radio\/eurozet-chce-udzialow-w-lokalnych-stacjach.html","title":{"rendered":"Eurozet chce udzia\u0142\u00f3w w lokalnych stacjach"},"content":{"rendered":"<p>Czas reklamowy rozg\u0142o\u015bniom nale\u017c\u0105cym do Pakietu Niezale\u017cnych sprzeda\u017ce RRM, kt\u00f3rego w\u0142a\u015bcicielem jest Eurozet.<\/p>\n<p>O tym, \u017ce tak\u0105 ofert\u0119 rozg\u0142o\u015bniom z\u0142o\u017cy\u0142 Eurozet poinformowa\u0142 &#8222;Press&#8221; w wydaniu internetowym.<\/p>\n<p>Nie wszystkie stacje zrzeszone w Pakiecie Niezale\u017cnym otrzyma\u0142y tak\u0105 propozycj\u0119. &#8211; Do mnie taka oferta nie wp\u0142yn\u0119\u0142a &#8211; m\u00f3wi nam Ryszard Prag\u0142owski, prezes Muzycznego Radia.<\/p>\n<p>Cz\u0119\u015b\u0107 rozg\u0142o\u015bni nie jest jeszcze w stanie odpowiedzie\u0107 na pytanie czy przyjmie ofert\u0119 Eurozetu. &#8211; Na ten moment nie wiem &#8211; t\u0142umaczy nam Bogus\u0142aw Szewdo, prezes Radia Leliwa. &#8211; Przedstawi\u0119 ofert\u0119 moim wsp\u00f3lnikom &#8211; dodaje.<\/p>\n<p>Niekt\u00f3re stacje ju\u017c wiedz\u0105, \u017ce nie skorzystaj\u0105 z oferty Eurozetu. &#8211; Radio Alfa 102,4 FM Krak\u00f3w nale\u017cy w 100 proc. do Pana Wojciecha Jaworskiego i stacja na dzie\u0144 dzisiejszy nie przewiduje sprzeda\u017cy swych udzia\u0142\u00f3w &#8211; wyja\u015bnia nam Kuba Wajdzik z dzia\u0142u promocji i PR Radia Alfa.<\/p>\n<p>&#8211; Obecnie nie jeste\u015bmy zainteresowani \u017cadn\u0105 ofert\u0105 odsprzeda\u017cy udzia\u0142\u00f3w zar\u00f3wno Eurozetu jak i pozosta\u0142ych graczy na rynku &#8211; m\u00f3wi nam Jakub Osika, redaktor naczelny Radia Bieszczady. &#8211; Nie po to prze\u017cyli\u015bmy naprawd\u0119 chude lata \u017ceby teraz podda\u0107 si\u0119 u progu mam nadziej\u0119 troch\u0119 lepszych klimat\u00f3w &#8211; t\u0142umaczy.<\/p>\n<p>Zdaniem Leszka Kozio\u0142a, prezesa Radia Eska, w dzisiejszych realiach deklaracj\u0119 Eurozetu o zamiarze inwestowania w stacje lokalne s\u0105 ma\u0142o realne. &#8211; Ofert\u0119 Eurozet odbieram jako sp\u00f3\u017anion\u0105 odpowied\u017a na procesy konsolidacyjne a tak\u017ce, a mo\u017ce przede wszystkim jako ch\u0119\u0107 zablokowania rozwoju innych projekt\u00f3w sieciowych &#8211; t\u0142umaczy nam.<\/p>\n","protected":false},"excerpt":{"rendered":"Eurozet zaproponowa\u0142 stacjom, kt\u00f3re znajduj\u0105 si\u0119 w Pakiecie Niezale\u017cnym, ofert\u0119 odkupienia udzia\u0142\u00f3w. Sp\u00f3\u0142ka nie planuje jednak utworzenia sieci. Eurozet zachowa charakter lokalny tych rozg\u0142o\u015bni. Obecnie w sk\u0142ad pakietu wchodzi 45 stacji.","protected":false},"author":1,"featured_media":0,"comment_status":"open","ping_status":"closed","sticky":false,"template":"","format":"standard","meta":{"csco_display_header_overlay":false,"csco_singular_sidebar":"","csco_page_header_type":"","csco_page_load_nextpost":"","csco_post_video_location":[],"csco_post_video_location_hash":"","csco_post_video_url":"","csco_post_video_bg_start_time":0,"csco_post_video_bg_end_time":0,"footnotes":""},"categories":[9672],"tags":[],"class_list":{"0":"post-81673","1":"post","2":"type-post","3":"status-publish","4":"format-standard","6":"category-radio","7":"cs-entry","8":"cs-video-wrap"},"_links":{"self":[{"href":"https:\/\/mediarun.com\/pl\/wp-json\/wp\/v2\/posts\/81673","targetHints":{"allow":["GET"]}}],"collection":[{"href":"https:\/\/mediarun.com\/pl\/wp-json\/wp\/v2\/posts"}],"about":[{"href":"https:\/\/mediarun.com\/pl\/wp-json\/wp\/v2\/types\/post"}],"author":[{"embeddable":true,"href":"https:\/\/mediarun.com\/pl\/wp-json\/wp\/v2\/users\/1"}],"replies":[{"embeddable":true,"href":"https:\/\/mediarun.com\/pl\/wp-json\/wp\/v2\/comments?post=81673"}],"version-history":[{"count":0,"href":"https:\/\/mediarun.com\/pl\/wp-json\/wp\/v2\/posts\/81673\/revisions"}],"wp:attachment":[{"href":"https:\/\/mediarun.com\/pl\/wp-json\/wp\/v2\/media?parent=81673"}],"wp:term":[{"taxonomy":"category","embeddable":true,"href":"https:\/\/mediarun.com\/pl\/wp-json\/wp\/v2\/categories?post=81673"},{"taxonomy":"post_tag","embeddable":true,"href":"https:\/\/mediarun.com\/pl\/wp-json\/wp\/v2\/tags?post=81673"}],"curies":[{"name":"wp","href":"https:\/\/api.w.org\/{rel}","templated":true}]}}