{"id":81671,"date":"2006-01-25T20:30:39","date_gmt":"2006-01-25T19:30:39","guid":{"rendered":"https:\/\/mediarun.com\/index.php\/news-posts\/plebiscyt-trojmiejskiej-wyborczej\/"},"modified":"2006-01-25T20:30:39","modified_gmt":"2006-01-25T19:30:39","slug":"plebiscyt-trojmiejskiej-wyborczej","status":"publish","type":"post","link":"https:\/\/mediarun.com\/pl\/media\/prasa\/plebiscyt-trojmiejskiej-wyborczej.html","title":{"rendered":"Plebiscyt tr\u00f3jmiejskiej &#8222;Wyborczej&#8221;"},"content":{"rendered":"<p>Do nagrody &#8222;Sztorm Roku 2005&#8221; nominowani zostali arty\u015bci w sze\u015bciu kategoriach: teatr; literatura; Rock, jazz, muzyczna alternatywa; Muzyka klasyczna; Film i multimedia; Sztuki plastyczne.<\/p>\n<p>Nominowali dziennikarze z redakcji tr\u00f3jmiejskiej &#8222;Gazety Wyborczej&#8221;: Aleksandra Koz\u0142owska, Katarzyna Moritz, Katarzyna Chmura, Katarzyna Fryc, Mirella W\u0105siewicz, Miros\u0142aw Baran i Przemys\u0142aw Gulda.<\/p>\n<p>Czytelnicy &#8222;Gazety Wyborczej&#8221; z Tr\u00f3jmiasta mog\u0105 wysy\u0142a\u0107 swoje typy na kuponach drukowanych w dzienniku. Zamkni\u0119cie konkursu nast\u0105pi 15 lutego, a uroczyste rozdanie nagr\u00f3d &#8211; 20 lutego.<\/p>\n","protected":false},"excerpt":{"rendered":"Tr\u00f3jmiejska &#8222;Gazeta Wyborcza&#8221; organizuje pierwsz\u0105 edycj\u0119 plebiscytu Artysta Roku 2005 &#8211; &#8222;Sztorm Roku 2005&#8221;. Redakcja zach\u0119ca czytelnik\u00f3w do g\u0142osowania na artyst\u00f3w, kt\u00f3rzy w minionym roku dokonali czego\u015b intryguj\u0105cego, nowatorskiego, poruszaj\u0105cego na gruncie sztuki &#8211; czyli wywo\u0142ali w Tr\u00f3jmie\u015bcie Sztorm Roku.","protected":false},"author":1,"featured_media":81672,"comment_status":"open","ping_status":"closed","sticky":false,"template":"","format":"standard","meta":{"csco_display_header_overlay":false,"csco_singular_sidebar":"","csco_page_header_type":"","csco_page_load_nextpost":"","csco_post_video_location":[],"csco_post_video_location_hash":"","csco_post_video_url":"","csco_post_video_bg_start_time":0,"csco_post_video_bg_end_time":0,"footnotes":""},"categories":[9673],"tags":[],"class_list":{"0":"post-81671","1":"post","2":"type-post","3":"status-publish","4":"format-standard","5":"has-post-thumbnail","7":"category-prasa","8":"cs-entry","9":"cs-video-wrap"},"_links":{"self":[{"href":"https:\/\/mediarun.com\/pl\/wp-json\/wp\/v2\/posts\/81671","targetHints":{"allow":["GET"]}}],"collection":[{"href":"https:\/\/mediarun.com\/pl\/wp-json\/wp\/v2\/posts"}],"about":[{"href":"https:\/\/mediarun.com\/pl\/wp-json\/wp\/v2\/types\/post"}],"author":[{"embeddable":true,"href":"https:\/\/mediarun.com\/pl\/wp-json\/wp\/v2\/users\/1"}],"replies":[{"embeddable":true,"href":"https:\/\/mediarun.com\/pl\/wp-json\/wp\/v2\/comments?post=81671"}],"version-history":[{"count":0,"href":"https:\/\/mediarun.com\/pl\/wp-json\/wp\/v2\/posts\/81671\/revisions"}],"wp:featuredmedia":[{"embeddable":true,"href":"https:\/\/mediarun.com\/pl\/wp-json\/wp\/v2\/media\/81672"}],"wp:attachment":[{"href":"https:\/\/mediarun.com\/pl\/wp-json\/wp\/v2\/media?parent=81671"}],"wp:term":[{"taxonomy":"category","embeddable":true,"href":"https:\/\/mediarun.com\/pl\/wp-json\/wp\/v2\/categories?post=81671"},{"taxonomy":"post_tag","embeddable":true,"href":"https:\/\/mediarun.com\/pl\/wp-json\/wp\/v2\/tags?post=81671"}],"curies":[{"name":"wp","href":"https:\/\/api.w.org\/{rel}","templated":true}]}}