{"id":81642,"date":"2006-01-26T02:54:46","date_gmt":"2006-01-26T01:54:46","guid":{"rendered":"https:\/\/mediarun.com\/index.php\/news-posts\/krrit-bez-samoobrony\/"},"modified":"2006-01-26T02:54:46","modified_gmt":"2006-01-26T01:54:46","slug":"krrit-bez-samoobrony","status":"publish","type":"post","link":"https:\/\/mediarun.com\/pl\/media\/tv\/krrit-bez-samoobrony.html","title":{"rendered":"KRRiT bez Samoobrony"},"content":{"rendered":"<p>&#8211; Pozytywne rekomendacje komisji kultury dosta\u0142o wczoraj trzech z czterech kandydat\u00f3w do KRRiT: dwaj kandydaci PO Tomasz Arabski (18 na 20 g\u0142os\u00f3w) i Lech Jaworski (9 g\u0142os\u00f3w) oraz kandydat LPR, popierany tak\u017ce przez Samoobron\u0119, Lech Haydukiewicz (13 g\u0142os\u00f3w). &#8211; czytamy w &#8222;Gazecie Wyborczej&#8221;<\/p>\n<p>&#8211; Opinia komisji nie jest dla Sejmu wi\u0105\u017c\u0105ca i pos\u0142owie b\u0119d\u0105 g\u0142osowa\u0107 nad czterema kandydatami. G\u0142osowanie mia\u0142o si\u0119 odby\u0107 wczoraj wieczorem, ale raczej zn\u00f3w si\u0119 przeci\u0105gnie do nast\u0119pnego posiedzenia za dwa tygodnie. Marsza\u0142ek Sejmu zam\u00f3wi\u0142 bowiem wczoraj ekspertyzy czy wybiera\u0107 cz\u0142onk\u00f3w KRRiT skoro Rzecznik Praw Obywatelski zaskar\u017cy\u0142 ustaw\u0119 medialn\u0105 do Trybuna\u0142u Konstytucyjnego. &#8211; pisze &#8222;GW&#8221;<\/p>\n<p>&#8211; Jedno miejsce dla Samoobrony w nowej pi\u0119cioosobowej KRRiT mia\u0142o by\u0107 cen\u0105, jak\u0105 PiS zaoferowa\u0142 partii Leppera za ekspresowe przepchni\u0119cie swojego projektu ustawy o mediach przez parlament. &#8211; informuje dziennik<\/p>\n<p>&#8211; Wczoraj jednak pos\u0142owie PiS zmienili zdanie. Nie byli w stanie &#8222;prze\u0142kn\u0105\u0107&#8221; kandydatury Tomasza Borysiuka, kt\u00f3ry by\u0142 w TVP 1 przez 6 lat wydawc\u0105 &#8222;Go\u015bcia Jedynki&#8221;, w czasach gdy prezesem by\u0142 Robert Kwiatkowski.  &#8211; donosi &#8222;Gazeta Wyborcza&#8221;<\/p>\n","protected":false},"excerpt":{"rendered":"Nie b\u0119dzie reprezentanta Samoobrony w KRRiT. Pos\u0142owie PiS nie poparli w komisji kultury Tomasza Borysiuka. Du\u017ce szanse na wej\u015bcie do Rady ma kandydat PO &#8211; Tomasz Arabski. Obok niego prawdopodobnie zasi\u0105d\u0105 dwie osoby zwi\u0105zane z PiS-em i jedna z LPR.","protected":false},"author":1,"featured_media":81643,"comment_status":"open","ping_status":"closed","sticky":false,"template":"","format":"standard","meta":{"csco_display_header_overlay":false,"csco_singular_sidebar":"","csco_page_header_type":"","csco_page_load_nextpost":"","csco_post_video_location":[],"csco_post_video_location_hash":"","csco_post_video_url":"","csco_post_video_bg_start_time":0,"csco_post_video_bg_end_time":0,"footnotes":""},"categories":[9670],"tags":[],"class_list":{"0":"post-81642","1":"post","2":"type-post","3":"status-publish","4":"format-standard","5":"has-post-thumbnail","7":"category-tv","8":"cs-entry","9":"cs-video-wrap"},"_links":{"self":[{"href":"https:\/\/mediarun.com\/pl\/wp-json\/wp\/v2\/posts\/81642","targetHints":{"allow":["GET"]}}],"collection":[{"href":"https:\/\/mediarun.com\/pl\/wp-json\/wp\/v2\/posts"}],"about":[{"href":"https:\/\/mediarun.com\/pl\/wp-json\/wp\/v2\/types\/post"}],"author":[{"embeddable":true,"href":"https:\/\/mediarun.com\/pl\/wp-json\/wp\/v2\/users\/1"}],"replies":[{"embeddable":true,"href":"https:\/\/mediarun.com\/pl\/wp-json\/wp\/v2\/comments?post=81642"}],"version-history":[{"count":0,"href":"https:\/\/mediarun.com\/pl\/wp-json\/wp\/v2\/posts\/81642\/revisions"}],"wp:featuredmedia":[{"embeddable":true,"href":"https:\/\/mediarun.com\/pl\/wp-json\/wp\/v2\/media\/81643"}],"wp:attachment":[{"href":"https:\/\/mediarun.com\/pl\/wp-json\/wp\/v2\/media?parent=81642"}],"wp:term":[{"taxonomy":"category","embeddable":true,"href":"https:\/\/mediarun.com\/pl\/wp-json\/wp\/v2\/categories?post=81642"},{"taxonomy":"post_tag","embeddable":true,"href":"https:\/\/mediarun.com\/pl\/wp-json\/wp\/v2\/tags?post=81642"}],"curies":[{"name":"wp","href":"https:\/\/api.w.org\/{rel}","templated":true}]}}