{"id":81606,"date":"2006-01-26T14:20:24","date_gmt":"2006-01-26T13:20:24","guid":{"rendered":"https:\/\/mediarun.com\/index.php\/news-posts\/wkrotce-planeta-w-kielcach\/"},"modified":"2006-01-26T14:20:24","modified_gmt":"2006-01-26T13:20:24","slug":"wkrotce-planeta-w-kielcach","status":"publish","type":"post","link":"https:\/\/mediarun.com\/pl\/media\/radio\/wkrotce-planeta-w-kielcach.html","title":{"rendered":"Wkr\u00f3tce Planeta w Kielcach"},"content":{"rendered":"<p>Na antenie Radia Planeta Kielce &#8211; tak jak i w czterech pozosta\u0142ych rozg\u0142o\u015bniach &#8211; pojawia\u0107 si\u0119 b\u0119dzie muzyka dance.&#8211; Program &#8211; w por\u00f3wnaniu do innych Planet &#8211; wyr\u00f3\u017cnia\u0107 b\u0119dzie zawarto\u015b\u0107 program\u00f3w po\u015bwi\u0119conych \u015brodowisku akademickiemu &#8211; m\u00f3wi nam Sebastian Wojciechowski.<\/p>\n<p>Ad.point ma r\u00f3wnie\u017c w planach uruchomienie kolejnych rozg\u0142o\u015bni nadaj\u0105cych pod mark\u0105 Radio Planeta. &#8211; Wyst\u0119pujemy w wielu r\u00f3\u017cnych og\u0142oszeniach koncesyjnych, ale jak na razie poza Kielcami bezskutecznie &#8211; m\u00f3wi nam Sebastian Wojciechowski, cz\u0142onek zarz\u0105du Ad.point. &#8211; W tej chwili staramy si\u0119 o koncesj\u0119 we Wroc\u0142awiu &#8211; dodaje.<\/p>\n<p>Obecnie pod nazw\u0105 Radio Planeta program emituj\u0105 cztery rozg\u0142o\u015bnie: w Krakowie, Opolu, Bielsku &#8211; Bia\u0142ej i na \u015al\u0105sku.<\/p>\n","protected":false},"excerpt":{"rendered":"Najprawdopodobniej w lutym w polskim eterze pojawi si\u0119 pi\u0105ta rozg\u0142o\u015bnia emituj\u0105ca program pod mark\u0105 Radio Planeta. &#8211; Radio Planeta Kielce rozpocznie nadawanie w ci\u0105gu najbli\u017cszych 4 tygodni &#8211; wyja\u015bnia nam Sebastian Wojciechowski, cz\u0142onek zarz\u0105du Ad.point. Sp\u00f3\u0142ka otrzyma\u0142a od KRRiT decyzj\u0119 o przyznaniu koncesji.","protected":false},"author":1,"featured_media":0,"comment_status":"open","ping_status":"closed","sticky":false,"template":"","format":"standard","meta":{"csco_display_header_overlay":false,"csco_singular_sidebar":"","csco_page_header_type":"","csco_page_load_nextpost":"","csco_post_video_location":[],"csco_post_video_location_hash":"","csco_post_video_url":"","csco_post_video_bg_start_time":0,"csco_post_video_bg_end_time":0,"footnotes":""},"categories":[9672],"tags":[],"class_list":{"0":"post-81606","1":"post","2":"type-post","3":"status-publish","4":"format-standard","6":"category-radio","7":"cs-entry","8":"cs-video-wrap"},"_links":{"self":[{"href":"https:\/\/mediarun.com\/pl\/wp-json\/wp\/v2\/posts\/81606","targetHints":{"allow":["GET"]}}],"collection":[{"href":"https:\/\/mediarun.com\/pl\/wp-json\/wp\/v2\/posts"}],"about":[{"href":"https:\/\/mediarun.com\/pl\/wp-json\/wp\/v2\/types\/post"}],"author":[{"embeddable":true,"href":"https:\/\/mediarun.com\/pl\/wp-json\/wp\/v2\/users\/1"}],"replies":[{"embeddable":true,"href":"https:\/\/mediarun.com\/pl\/wp-json\/wp\/v2\/comments?post=81606"}],"version-history":[{"count":0,"href":"https:\/\/mediarun.com\/pl\/wp-json\/wp\/v2\/posts\/81606\/revisions"}],"wp:attachment":[{"href":"https:\/\/mediarun.com\/pl\/wp-json\/wp\/v2\/media?parent=81606"}],"wp:term":[{"taxonomy":"category","embeddable":true,"href":"https:\/\/mediarun.com\/pl\/wp-json\/wp\/v2\/categories?post=81606"},{"taxonomy":"post_tag","embeddable":true,"href":"https:\/\/mediarun.com\/pl\/wp-json\/wp\/v2\/tags?post=81606"}],"curies":[{"name":"wp","href":"https:\/\/api.w.org\/{rel}","templated":true}]}}