{"id":81604,"date":"2006-01-26T14:32:26","date_gmt":"2006-01-26T13:32:26","guid":{"rendered":"https:\/\/mediarun.com\/index.php\/news-posts\/o-mozarcie-w-jedynce-i-dwojce\/"},"modified":"2006-01-26T14:32:26","modified_gmt":"2006-01-26T13:32:26","slug":"o-mozarcie-w-jedynce-i-dwojce","status":"publish","type":"post","link":"https:\/\/mediarun.com\/pl\/media\/radio\/o-mozarcie-w-jedynce-i-dwojce.html","title":{"rendered":"O Mozarcie w Jedynce i Dw\u00f3jce"},"content":{"rendered":"<p>W porannych &#8222;Sygna\u0142ach dnia&#8221; Jedynka porozmawia z Peterem Marboe, dyrektorem Roku Mozartowskiego w Wiedniu o wydarzeniach przygotowywanych w zwi\u0105zku z jubileuszem w roku 2006. P\u00f3\u017aniej, w magazynie &#8222;Cztery Pory Roku&#8221; pojawi si\u0119 reporta\u017cowy spacer po rodzinnym mie\u015bcie Mozarta, Salzburgu. Z rzecznikiem prasowym Festiwalu Mozartowskiego w Salzburgu, Susanne Stahr stacja rozmawia\u0107 b\u0119dzie w audycji &#8222;Muzyczna Jedynka&#8221;.<\/p>\n<p>W popo\u0142udni\u00f3wce &#8222;Z pierwszej r\u0119ki&#8221; &#8211; wizyta w podziemiach domu Mozarta w Salzburgu, gdzie przechowywane s\u0105 najcenniejsze r\u0119kopisy jego utwor\u00f3w. Za ich obejrzenie trzeba s\u0142ono p\u0142aci\u0107, a stosowanych w tym pomieszczeniu zabezpiecze\u0144 mog\u0142yby pozazdro\u015bci\u0107 najwi\u0119ksze banki \u015bwiata. <\/p>\n<p>W &#8222;Wieczorze z Jedynk\u0105&#8221; nadany zostanie m.in. reporta\u017c z prac remontowych w domu W. A. Mozarta w Wiedniu i relacja polskiej przewodniczki Walentyny Kovacs z uroczystego otwarcia w dniu 27 stycznia br. odrestaurowanego domu. Natomiast w audycji &#8222;Kulturalna Europa&#8221; pojawi\u0105 si\u0119 m.in. korespondencje z r\u00f3\u017cnych miast \u015bwiata, w kt\u00f3rych w sobot\u0119 zainaugurowany zostanie Rok Mozartowski.<\/p>\n<p>W pi\u0105tek i sobot\u0119 Dw\u00f3jka transmitowa\u0107 b\u0119dzie koncerty z Salzburga, Lipska, Lugano, Pekinu, Ramallah, Pragi, Rzymu, Wersalu, i Berlina. Nie zabraknie wywiad\u00f3w, interpretacji teatralnych, specjalnych audycji.<\/p>\n","protected":false},"excerpt":{"rendered":"W pi\u0105tek ca\u0142a ram\u00f3wka radiowej Dw\u00f3jki b\u0119dzie po\u015bwi\u0119cona 250. rocznicy urodzin kompozytora austriackiego Wolfganga Amadeusza Mozarta. Specjalne rozmowy, reporta\u017ce i korespondencje pojawi\u0105 si\u0119 w sobot\u0119 i niedziel\u0119 zar\u00f3wno w Jedynce jak i Dw\u00f3jce.","protected":false},"author":1,"featured_media":81605,"comment_status":"open","ping_status":"closed","sticky":false,"template":"","format":"standard","meta":{"csco_display_header_overlay":false,"csco_singular_sidebar":"","csco_page_header_type":"","csco_page_load_nextpost":"","csco_post_video_location":[],"csco_post_video_location_hash":"","csco_post_video_url":"","csco_post_video_bg_start_time":0,"csco_post_video_bg_end_time":0,"footnotes":""},"categories":[9672],"tags":[],"class_list":{"0":"post-81604","1":"post","2":"type-post","3":"status-publish","4":"format-standard","5":"has-post-thumbnail","7":"category-radio","8":"cs-entry","9":"cs-video-wrap"},"_links":{"self":[{"href":"https:\/\/mediarun.com\/pl\/wp-json\/wp\/v2\/posts\/81604","targetHints":{"allow":["GET"]}}],"collection":[{"href":"https:\/\/mediarun.com\/pl\/wp-json\/wp\/v2\/posts"}],"about":[{"href":"https:\/\/mediarun.com\/pl\/wp-json\/wp\/v2\/types\/post"}],"author":[{"embeddable":true,"href":"https:\/\/mediarun.com\/pl\/wp-json\/wp\/v2\/users\/1"}],"replies":[{"embeddable":true,"href":"https:\/\/mediarun.com\/pl\/wp-json\/wp\/v2\/comments?post=81604"}],"version-history":[{"count":0,"href":"https:\/\/mediarun.com\/pl\/wp-json\/wp\/v2\/posts\/81604\/revisions"}],"wp:featuredmedia":[{"embeddable":true,"href":"https:\/\/mediarun.com\/pl\/wp-json\/wp\/v2\/media\/81605"}],"wp:attachment":[{"href":"https:\/\/mediarun.com\/pl\/wp-json\/wp\/v2\/media?parent=81604"}],"wp:term":[{"taxonomy":"category","embeddable":true,"href":"https:\/\/mediarun.com\/pl\/wp-json\/wp\/v2\/categories?post=81604"},{"taxonomy":"post_tag","embeddable":true,"href":"https:\/\/mediarun.com\/pl\/wp-json\/wp\/v2\/tags?post=81604"}],"curies":[{"name":"wp","href":"https:\/\/api.w.org\/{rel}","templated":true}]}}