{"id":81587,"date":"2006-01-27T02:36:12","date_gmt":"2006-01-27T01:36:12","guid":{"rendered":"https:\/\/mediarun.com\/index.php\/news-posts\/piaseczny-pr-managerem-d-linka\/"},"modified":"2006-01-27T02:36:12","modified_gmt":"2006-01-27T01:36:12","slug":"piaseczny-pr-managerem-d-linka","status":"publish","type":"post","link":"https:\/\/mediarun.com\/pl\/trendy\/branding\/piaseczny-pr-managerem-d-linka.html","title":{"rendered":"Piaseczny PR Managerem D-Linka"},"content":{"rendered":"<p>Piaseczny jest zwi\u0105zany z D-Linkiem od ponad dw\u00f3ch lat. By\u0142 konsultantem public relations odpowiedzialnym za projekty komunikacyjne i marketingowe na polskim rynku, a wcze\u015bniej jako account manager w Neuron Agencji Public Relations koordynowa\u0142 prace dla D-Link Polska od strony agencji. Stanowisko mened\u017cera public relations firmy D-Link w Europie Wschodniej obj\u0105\u0142 w styczniu tego roku. Jego nominacja zwi\u0105zana jest z rozwojem lokalnego biura firmy w Warszawie, kt\u00f3re od 2006 roku pe\u0142ni rol\u0119 centrum operacyjnego firmy na Europ\u0119 Wschodni\u0105.<\/p>\n<p>Z bran\u017c\u0105 public relations Piaseczny zwi\u0105zany jest od siedmiu lat. Pracowa\u0142 r\u00f3wnie\u017c m.in. w wydawnictwie Migut Media oraz w agencji BCA SA. W ci\u0105gu ostatnich pi\u0119ciu lat prowadzi\u0142 projekty public relations m.in. dla TP Internet, ALMA S.A., Western Digital, Verbatim i Infor Global Solutions. Mariusz Piaseczny jest te\u017c autorem cotygodniowej audycji &#8222;Marketing Mix&#8221; po\u015bwi\u0119conej reklamie, mediom i marketingowi na antenie warszawskiego Radia PIN. Studiowa\u0142 na Politechnice Warszawskiej oraz w Wy\u017cszej Szkole Komunikowania i Medi\u00f3w Spo\u0142ecznych. <\/p>\n","protected":false},"excerpt":{"rendered":"Mariusz Piaseczny obj\u0105\u0142 stanowisko mened\u017cera public relations firmy D-Link w rejonie Europy Wschodniej. Do jego zada\u0144 nale\u017ce\u0107 b\u0119dzie koordynacja dzia\u0142a\u0144 wizerunkowych i komunikacyjnych firmy w kilkunastu krajach Europy: w Polsce, Czechach, S\u0142owacji, S\u0142owenii, na W\u0119grzech, w Chorwacji, Serbii i Czarnog\u00f3rze, Bo\u015bni i Hercegowinie, Macedonii, Rumunii i Bu\u0142garii.","protected":false},"author":1,"featured_media":0,"comment_status":"open","ping_status":"closed","sticky":false,"template":"","format":"standard","meta":{"csco_display_header_overlay":false,"csco_singular_sidebar":"","csco_page_header_type":"","csco_page_load_nextpost":"","csco_post_video_location":[],"csco_post_video_location_hash":"","csco_post_video_url":"","csco_post_video_bg_start_time":0,"csco_post_video_bg_end_time":0,"footnotes":""},"categories":[9658],"tags":[],"class_list":{"0":"post-81587","1":"post","2":"type-post","3":"status-publish","4":"format-standard","6":"category-branding","7":"cs-entry","8":"cs-video-wrap"},"_links":{"self":[{"href":"https:\/\/mediarun.com\/pl\/wp-json\/wp\/v2\/posts\/81587","targetHints":{"allow":["GET"]}}],"collection":[{"href":"https:\/\/mediarun.com\/pl\/wp-json\/wp\/v2\/posts"}],"about":[{"href":"https:\/\/mediarun.com\/pl\/wp-json\/wp\/v2\/types\/post"}],"author":[{"embeddable":true,"href":"https:\/\/mediarun.com\/pl\/wp-json\/wp\/v2\/users\/1"}],"replies":[{"embeddable":true,"href":"https:\/\/mediarun.com\/pl\/wp-json\/wp\/v2\/comments?post=81587"}],"version-history":[{"count":0,"href":"https:\/\/mediarun.com\/pl\/wp-json\/wp\/v2\/posts\/81587\/revisions"}],"wp:attachment":[{"href":"https:\/\/mediarun.com\/pl\/wp-json\/wp\/v2\/media?parent=81587"}],"wp:term":[{"taxonomy":"category","embeddable":true,"href":"https:\/\/mediarun.com\/pl\/wp-json\/wp\/v2\/categories?post=81587"},{"taxonomy":"post_tag","embeddable":true,"href":"https:\/\/mediarun.com\/pl\/wp-json\/wp\/v2\/tags?post=81587"}],"curies":[{"name":"wp","href":"https:\/\/api.w.org\/{rel}","templated":true}]}}