{"id":81579,"date":"2006-01-27T03:17:22","date_gmt":"2006-01-27T02:17:22","guid":{"rendered":"https:\/\/mediarun.com\/index.php\/news-posts\/gazeta-wyborcza-rozpoczyna-cykl-spotkan\/"},"modified":"2006-01-27T03:17:22","modified_gmt":"2006-01-27T02:17:22","slug":"gazeta-wyborcza-rozpoczyna-cykl-spotkan","status":"publish","type":"post","link":"https:\/\/mediarun.com\/pl\/media\/prasa\/gazeta-wyborcza-rozpoczyna-cykl-spotkan.html","title":{"rendered":"Gazeta Wyborcza rozpoczyna cykl spotka\u0144"},"content":{"rendered":"<p>Inauguracja &#8222;Go\u015bci Gazety&#8221; ju\u017c 30 stycznia w siedzibie &#8222;Gazety Wyborczej&#8221; przy ul. Czerskiej 8\/10 o godzinie 18. <\/p>\n<p>&#8222;Po tamtej stronie \u015bwiata&#8221; &#8211; z Andrzejem Stasiukiem rozmawiaj\u0105 Katarzyna Janowska i Piotr Mucharski.<br \/>\nLiczymy na gor\u0105cy udzia\u0142 publiczno\u015bci.\t<\/p>\n","protected":false},"excerpt":{"rendered":"W ka\u017cdy ostatni poniedzia\u0142ek miesi\u0105ca &#8222;Rozmowy na \u017cywo&#8221; Katarzyny Janowskiej i Piotra Mucharskiego z wybitn\u0105 postaci\u0105 z Polski b\u0105d\u017a z zagranicy. W inne poniedzia\u0142ki spotkania poprowadz\u0105 dziennikarze &#8222;Gazety&#8221;.","protected":false},"author":1,"featured_media":81580,"comment_status":"open","ping_status":"closed","sticky":false,"template":"","format":"standard","meta":{"csco_display_header_overlay":false,"csco_singular_sidebar":"","csco_page_header_type":"","csco_page_load_nextpost":"","csco_post_video_location":[],"csco_post_video_location_hash":"","csco_post_video_url":"","csco_post_video_bg_start_time":0,"csco_post_video_bg_end_time":0,"footnotes":""},"categories":[9673],"tags":[],"class_list":{"0":"post-81579","1":"post","2":"type-post","3":"status-publish","4":"format-standard","5":"has-post-thumbnail","7":"category-prasa","8":"cs-entry","9":"cs-video-wrap"},"_links":{"self":[{"href":"https:\/\/mediarun.com\/pl\/wp-json\/wp\/v2\/posts\/81579","targetHints":{"allow":["GET"]}}],"collection":[{"href":"https:\/\/mediarun.com\/pl\/wp-json\/wp\/v2\/posts"}],"about":[{"href":"https:\/\/mediarun.com\/pl\/wp-json\/wp\/v2\/types\/post"}],"author":[{"embeddable":true,"href":"https:\/\/mediarun.com\/pl\/wp-json\/wp\/v2\/users\/1"}],"replies":[{"embeddable":true,"href":"https:\/\/mediarun.com\/pl\/wp-json\/wp\/v2\/comments?post=81579"}],"version-history":[{"count":0,"href":"https:\/\/mediarun.com\/pl\/wp-json\/wp\/v2\/posts\/81579\/revisions"}],"wp:featuredmedia":[{"embeddable":true,"href":"https:\/\/mediarun.com\/pl\/wp-json\/wp\/v2\/media\/81580"}],"wp:attachment":[{"href":"https:\/\/mediarun.com\/pl\/wp-json\/wp\/v2\/media?parent=81579"}],"wp:term":[{"taxonomy":"category","embeddable":true,"href":"https:\/\/mediarun.com\/pl\/wp-json\/wp\/v2\/categories?post=81579"},{"taxonomy":"post_tag","embeddable":true,"href":"https:\/\/mediarun.com\/pl\/wp-json\/wp\/v2\/tags?post=81579"}],"curies":[{"name":"wp","href":"https:\/\/api.w.org\/{rel}","templated":true}]}}