{"id":81564,"date":"2006-01-27T04:43:55","date_gmt":"2006-01-27T03:43:55","guid":{"rendered":"https:\/\/mediarun.com\/index.php\/news-posts\/kedzierzawska-falk-i-wojcieszek-w-berlinie\/"},"modified":"2006-01-27T04:43:55","modified_gmt":"2006-01-27T03:43:55","slug":"kedzierzawska-falk-i-wojcieszek-w-berlinie","status":"publish","type":"post","link":"https:\/\/mediarun.com\/pl\/wydarzenia\/kedzierzawska-falk-i-wojcieszek-w-berlinie.html","title":{"rendered":"K\u0119dzierzawska, Falk i Wojcieszek w Berlinie"},"content":{"rendered":"<p>Festiwal w Berlinie, kt\u00f3ry rozpocznie si\u0119 ju\u017c 9 lutego br., to jeden z czterech najwa\u017cniejszych europejskich festiwali filmowych. W konkursie o nagrod\u0119 w kategorii Najlepszy Film Europejski przyznawan\u0105 przez Europa Cinemas (europejska sie\u0107 kin studyjnych) pokazany zostanie &#8220;Komornik&#8221; w re\u017cyserii Feliksa Falka. &#8222;Doskona\u0142e popo\u0142udnie&#8221; Przemys\u0142awa Wojcieszka pokazane b\u0119dzie w ramach FORUM m\u0142odego kina, prezentuj\u0105cego filmy m\u0142odych, obiecuj\u0105cych re\u017cyser\u00f3w. Film Doroty K\u0119dzierawskiej pt.:&#8221;Jestem&#8221; wystartuje w Konkursie 14+, w ramach kt\u00f3rego prezentowane s\u0105 filmy dla m\u0142odzie\u017cy. <\/p>\n<p>Wszystkie trzy filmy zdoby\u0142y nagrody na ubieg\u0142orocznym Festiwalu Polskich Film\u00f3w Fabularnych w Gdyni. <\/p>\n<p>Polskim akcentem na berli\u0144skim festiwalu b\u0119dzie tak\u017ce panel po\u015bwi\u0119cony pami\u0119ci Krzysztofa Kie\u015blowskiego, w zwi\u0105zku z 10. rocznic\u0105 jego \u015bmierci, w kt\u00f3rym udzia\u0142 wezm\u0105 m.in. Wim Wenders, Krzysztof Piesiewicz, Jerzy Stuhr, Tom Tykwer. Panel odb\u0119dzie si\u0119 15 lutego.<\/p>\n","protected":false},"excerpt":{"rendered":"W trakcie tegorocznego, 56 Mi\u0119dzynarodowego Festiwalu Filmowego w Berlinie zostan\u0105 zaprezentowane trzy filmy , kt\u00f3rych koproducentem jest Telewizja Polska.","protected":false},"author":1,"featured_media":0,"comment_status":"open","ping_status":"closed","sticky":false,"template":"","format":"standard","meta":{"csco_display_header_overlay":false,"csco_singular_sidebar":"","csco_page_header_type":"","csco_page_load_nextpost":"","csco_post_video_location":[],"csco_post_video_location_hash":"","csco_post_video_url":"","csco_post_video_bg_start_time":0,"csco_post_video_bg_end_time":0,"footnotes":""},"categories":[46],"tags":[],"class_list":{"0":"post-81564","1":"post","2":"type-post","3":"status-publish","4":"format-standard","6":"category-wydarzenia","7":"cs-entry","8":"cs-video-wrap"},"_links":{"self":[{"href":"https:\/\/mediarun.com\/pl\/wp-json\/wp\/v2\/posts\/81564","targetHints":{"allow":["GET"]}}],"collection":[{"href":"https:\/\/mediarun.com\/pl\/wp-json\/wp\/v2\/posts"}],"about":[{"href":"https:\/\/mediarun.com\/pl\/wp-json\/wp\/v2\/types\/post"}],"author":[{"embeddable":true,"href":"https:\/\/mediarun.com\/pl\/wp-json\/wp\/v2\/users\/1"}],"replies":[{"embeddable":true,"href":"https:\/\/mediarun.com\/pl\/wp-json\/wp\/v2\/comments?post=81564"}],"version-history":[{"count":0,"href":"https:\/\/mediarun.com\/pl\/wp-json\/wp\/v2\/posts\/81564\/revisions"}],"wp:attachment":[{"href":"https:\/\/mediarun.com\/pl\/wp-json\/wp\/v2\/media?parent=81564"}],"wp:term":[{"taxonomy":"category","embeddable":true,"href":"https:\/\/mediarun.com\/pl\/wp-json\/wp\/v2\/categories?post=81564"},{"taxonomy":"post_tag","embeddable":true,"href":"https:\/\/mediarun.com\/pl\/wp-json\/wp\/v2\/tags?post=81564"}],"curies":[{"name":"wp","href":"https:\/\/api.w.org\/{rel}","templated":true}]}}