{"id":81562,"date":"2006-01-27T05:09:25","date_gmt":"2006-01-27T04:09:25","guid":{"rendered":"https:\/\/mediarun.com\/index.php\/news-posts\/nowi-czlonkowie-krrit-2\/"},"modified":"2006-01-27T05:09:25","modified_gmt":"2006-01-27T04:09:25","slug":"nowi-czlonkowie-krrit-2","status":"publish","type":"post","link":"https:\/\/mediarun.com\/pl\/media\/tv\/nowi-czlonkowie-krrit-2.html","title":{"rendered":"Nowi cz\u0142onkowie KRRiT"},"content":{"rendered":"<p>&#8211; Zanim to nast\u0105pi\u0142o, nieoczekiwanie wr\u00f3ci\u0142a w Sejmie atmosfera sprzed kilkunastu dni, gdy dochodzi\u0142o do parlamentarnego &#8222;puczu&#8221;. Wszystko za spraw\u0105 napi\u0119\u0107 w Klubie PiS. Niekt\u00f3rzy pos\u0142owie tego ugrupowania nie chcieli poprze\u0107 kandydata Samoobrony do KRRiT Tomasza Borysiuka, preferuj\u0105c zg\u0142oszonego przez PO Tomasza Arabskiego. Tymczasem Samoobrona i LPR (zg\u0142osi\u0142a Lecha Haydukiewicza) mia\u0142y obiecane przez PiS poparcie ich kandydat\u00f3w, w zamian za grudniowe g\u0142osowanie za nowelizacj\u0105 ustawy medialnej. &#8211; informuje &#8222;Rzeczpospolita&#8221;<\/p>\n<p>&#8211; Ale Andrzej Lepper o\u015bwiadczy\u0142 wprost: jak wy nie popieracie Borysiuka, Samoobrona nie popiera kandydata PiS Janusza Kochanowskiego na rzecznika praw obywatelskich oraz poprawek Senatu do ustawy samorz\u0105dowej. G\u0142osowanieprzerwano, rozpocz\u0119\u0142y si\u0119 gor\u0105czkowe negocjacje, o kolejne godziny przed\u0142u\u017cano przerwy. &#8211; czytamy w &#8222;Rzeczpospolitej&#8221;<\/p>\n<p>&#8211; Gdy przed p\u00f3\u0142noc\u0105 wszystko wydawa\u0142o si\u0119 ustalone, a PiS zadeklarowa\u0142o poparcie dla Borysiuka, marsza\u0142ek Marek Jurek nieoczekiwanie zaproponowa\u0142&#8230; prze\u0142o\u017cenie g\u0142osowa\u0144 na pi\u0105tek. Jak si\u0119 okaza\u0142o, spierano si\u0119 jeszcze o kolejno\u015b\u0107 g\u0142osowa\u0144. W ko\u0144cu najpierw wybrano cz\u0142onk\u00f3w KRRiT, tak jak chcia\u0142y Samoobrona i LPR, w dalszej kolejno\u015bci przyj\u0119to poprawki Senatu do ustawy samorz\u0105dowej, a w ko\u0144cu wybrano Janusza Kochanowskiego. &#8211; donosi dziennik<\/p>\n","protected":false},"excerpt":{"rendered":"Tomasz Borysiuk i Lech Haydukiewicz to nowi cz\u0142onkowie KRRiT. G\u0142osami PiS i Samoobrony do Rady trafi\u0142 by\u0142y wydawca &#8222;Go\u015bcia Jedynki&#8221; za prezesury Roberta Kwiatkowskiego, zwi\u0105zanego z SLD. Nie b\u0119dzie w niej za to reprezentant\u00f3w PO.","protected":false},"author":1,"featured_media":81563,"comment_status":"open","ping_status":"closed","sticky":false,"template":"","format":"standard","meta":{"csco_display_header_overlay":false,"csco_singular_sidebar":"","csco_page_header_type":"","csco_page_load_nextpost":"","csco_post_video_location":[],"csco_post_video_location_hash":"","csco_post_video_url":"","csco_post_video_bg_start_time":0,"csco_post_video_bg_end_time":0,"footnotes":""},"categories":[9670],"tags":[],"class_list":{"0":"post-81562","1":"post","2":"type-post","3":"status-publish","4":"format-standard","5":"has-post-thumbnail","7":"category-tv","8":"cs-entry","9":"cs-video-wrap"},"_links":{"self":[{"href":"https:\/\/mediarun.com\/pl\/wp-json\/wp\/v2\/posts\/81562","targetHints":{"allow":["GET"]}}],"collection":[{"href":"https:\/\/mediarun.com\/pl\/wp-json\/wp\/v2\/posts"}],"about":[{"href":"https:\/\/mediarun.com\/pl\/wp-json\/wp\/v2\/types\/post"}],"author":[{"embeddable":true,"href":"https:\/\/mediarun.com\/pl\/wp-json\/wp\/v2\/users\/1"}],"replies":[{"embeddable":true,"href":"https:\/\/mediarun.com\/pl\/wp-json\/wp\/v2\/comments?post=81562"}],"version-history":[{"count":0,"href":"https:\/\/mediarun.com\/pl\/wp-json\/wp\/v2\/posts\/81562\/revisions"}],"wp:featuredmedia":[{"embeddable":true,"href":"https:\/\/mediarun.com\/pl\/wp-json\/wp\/v2\/media\/81563"}],"wp:attachment":[{"href":"https:\/\/mediarun.com\/pl\/wp-json\/wp\/v2\/media?parent=81562"}],"wp:term":[{"taxonomy":"category","embeddable":true,"href":"https:\/\/mediarun.com\/pl\/wp-json\/wp\/v2\/categories?post=81562"},{"taxonomy":"post_tag","embeddable":true,"href":"https:\/\/mediarun.com\/pl\/wp-json\/wp\/v2\/tags?post=81562"}],"curies":[{"name":"wp","href":"https:\/\/api.w.org\/{rel}","templated":true}]}}