{"id":81522,"date":"2006-01-27T13:44:16","date_gmt":"2006-01-27T12:44:16","guid":{"rendered":"https:\/\/mediarun.com\/index.php\/news-posts\/nowosci-w-radiu-plus\/"},"modified":"2006-01-27T13:44:16","modified_gmt":"2006-01-27T12:44:16","slug":"nowosci-w-radiu-plus","status":"publish","type":"post","link":"https:\/\/mediarun.com\/pl\/media\/radio\/nowosci-w-radiu-plus.html","title":{"rendered":"Nowo\u015bci w Radiu Plus"},"content":{"rendered":"<p>&#8211; &#8222;Echo S\u0142owa&#8221; to program, kt\u00f3ry ma pokazywa\u0107, \u017ce s\u0142owa spisane przez Ewangelist\u00f3w s\u0105 tak samo aktualne dzisiaj jak i 2000 lat temu i odpowiadaj\u0105 dok\u0142adnie na nasze wsp\u00f3\u0142czesne problemy, dylematy moralne, najtrudniejsze pytania &#8211; m\u00f3wi nam o programie Rafa\u0142 Porzezi\u0144ski, dyrektor programowy Radia Plus. Program b\u0119dzie emitowany w ka\u017cd\u0105 niedziele o godzinie 15.<\/p>\n<p>&#8222;Kronik\u0119 Olimpijsk\u0105&#8221; poprowadzi Pawe\u0142 Jurek. Program pojawia\u0107 si\u0119 b\u0119dzie na antenie Radia Plus podczas trwania olimpiady o godzinie 8.25.<\/p>\n","protected":false},"excerpt":{"rendered":"W najbli\u017csz\u0105 niedziel\u0119 na antenie Radia Plus pojawi si\u0119 nowy program &#8222;Echo S\u0142owa&#8221; prowadzony przez Agnieszk\u0119 Porzezi\u0144sk\u0105. Rozg\u0142o\u015bnia przygotowa\u0142a r\u00f3wnie\u017c &#8222;Kronik\u0119 Olimpijsk\u0105&#8221;, kt\u00f3ra b\u0119dzie nadawana przez wszystkie dni trwania Zimowych Igrzysk Olimpijskich w Turynie.","protected":false},"author":1,"featured_media":81523,"comment_status":"open","ping_status":"closed","sticky":false,"template":"","format":"standard","meta":{"csco_display_header_overlay":false,"csco_singular_sidebar":"","csco_page_header_type":"","csco_page_load_nextpost":"","csco_post_video_location":[],"csco_post_video_location_hash":"","csco_post_video_url":"","csco_post_video_bg_start_time":0,"csco_post_video_bg_end_time":0,"footnotes":""},"categories":[9672],"tags":[],"class_list":{"0":"post-81522","1":"post","2":"type-post","3":"status-publish","4":"format-standard","5":"has-post-thumbnail","7":"category-radio","8":"cs-entry","9":"cs-video-wrap"},"_links":{"self":[{"href":"https:\/\/mediarun.com\/pl\/wp-json\/wp\/v2\/posts\/81522","targetHints":{"allow":["GET"]}}],"collection":[{"href":"https:\/\/mediarun.com\/pl\/wp-json\/wp\/v2\/posts"}],"about":[{"href":"https:\/\/mediarun.com\/pl\/wp-json\/wp\/v2\/types\/post"}],"author":[{"embeddable":true,"href":"https:\/\/mediarun.com\/pl\/wp-json\/wp\/v2\/users\/1"}],"replies":[{"embeddable":true,"href":"https:\/\/mediarun.com\/pl\/wp-json\/wp\/v2\/comments?post=81522"}],"version-history":[{"count":0,"href":"https:\/\/mediarun.com\/pl\/wp-json\/wp\/v2\/posts\/81522\/revisions"}],"wp:featuredmedia":[{"embeddable":true,"href":"https:\/\/mediarun.com\/pl\/wp-json\/wp\/v2\/media\/81523"}],"wp:attachment":[{"href":"https:\/\/mediarun.com\/pl\/wp-json\/wp\/v2\/media?parent=81522"}],"wp:term":[{"taxonomy":"category","embeddable":true,"href":"https:\/\/mediarun.com\/pl\/wp-json\/wp\/v2\/categories?post=81522"},{"taxonomy":"post_tag","embeddable":true,"href":"https:\/\/mediarun.com\/pl\/wp-json\/wp\/v2\/tags?post=81522"}],"curies":[{"name":"wp","href":"https:\/\/api.w.org\/{rel}","templated":true}]}}