{"id":81521,"date":"2006-01-27T13:56:33","date_gmt":"2006-01-27T12:56:33","guid":{"rendered":"https:\/\/mediarun.com\/index.php\/news-posts\/zmiany-wydarzeniach\/"},"modified":"2006-01-27T13:56:33","modified_gmt":"2006-01-27T12:56:33","slug":"zmiany-wydarzeniach","status":"publish","type":"post","link":"https:\/\/mediarun.com\/pl\/media\/tv\/zmiany-wydarzeniach.html","title":{"rendered":"Zmiany &#8222;Wydarzeniach&#8221;"},"content":{"rendered":"<p>Do zespo\u0142u reporter\u00f3w &#8222;Wydarze\u0144&#8221;, jak ju\u017c informowali\u015bmy, do\u0142\u0105czy od 1 lutego Miko\u0142aj Jankowski. &#8211; Przyj\u0105\u0142em propozycj\u0119, kt\u00f3ra pozwoli mi najlepiej pog\u0142\u0119bia\u0107 umiej\u0119tno\u015bci zdobyte podczas ponad pi\u0119ciu lat pracy w RMF FM, w tym dw\u00f3ch przy tworzeniu &#8222;Fakt\u00f3w Ekonomicznych&#8221; &#8211; wyja\u015bnia\u0142 nam w grudniu dziennikarz.<\/p>\n<p>To nie jedyna zmiana w zespole &#8222;Wydarze\u0144&#8221; &#8211; Redakcja rozstaje si\u0119 za porozumieniem stron z prowadz\u0105c\u0105 Iwon\u0105 Kutyn\u0105 &#8211; m\u00f3wi nam Katarzyna Wyszomirska, rzecznik prasowy Polsatu. Kutyna przechodzi do programu informacyjnego telewizyjnej Dw\u00f3jki. Wyja\u015bnia nam, \u017ce &#8222;Panorama&#8221; to nowe, powa\u017cne dla niej wyzwanie. &#8211; Wiele rzeczy wymaga poprawek, zmian. Chc\u0119 w tych zmianach uczestniczy\u0107. Poza tym licz\u0119 na to, \u017ce w\u0142a\u015bnie w &#8222;Panoramie&#8221; b\u0119d\u0119 mia\u0142a okazj\u0119 dalej si\u0119 rozwija\u0107 &#8211; t\u0142umaczy nam. Kutyna zanim trafi\u0142a do Polsatu to pracowa\u0142a w TV4, TVN24 i Radiu Plus.<\/p>\n<p>Beata Grabarczyk jako prowadz\u0105ca program &#8222;Wydarzenia&#8221; w Polsacie pojawi si\u0119 po raz pierwszy w ten weekend. &#8211; Jestem reporterem od trzynastu lat, wi\u0119c przyszed\u0142 czas, \u017ceby co\u015b zmienia\u0107. Ka\u017cda zmiana to rozw\u00f3j, a ja lubi\u0119 si\u0119 rozwija\u0107. I lubi\u0119 si\u0119 sprawdza\u0107 w nowych sytuacjach &#8211; m\u00f3wi nam dziennikarka. &#8211; Nadal b\u0119dzie g\u0142\u00f3wnie wyst\u0119powa\u0107 w &#8222;Wydarzeniach&#8221; jako reporterka sejmowa &#8211; zaznacza Katarzyna Wyszomirska. &#8211; Zawsze chcia\u0142am by\u0107 reporterem i zawsze nim b\u0119d\u0119. Prowadzenie &#8222;Wydarze\u0144&#8221; da mi jednak dystans do tego, co robi\u0119 na co dzie\u0144 w Sejmie &#8211; dodaje Grabarczyk, kt\u00f3ra wcze\u015bniej pracowa\u0142a w RMF FM, Radiu Zet i Polskim Radiu.<\/p>\n<p>&#8211; Do Hanny Smoktunowicz, kt\u00f3ra prowadzi g\u0142\u00f3wne wydanie &#8222;Wydarze\u0144&#8221; od poniedzia\u0142ku do pi\u0105tku do\u0142\u0105czy Marek Tejchman &#8211; t\u0142umaczy nam Wyszomirska. Tejchman jest obecnie zast\u0119pc\u0105 redaktora naczelnego i szefem redakcji gospodarczej Tok FM. Dziennikarz b\u0119dzie \u0142\u0105czy\u0107 prac\u0119 w radiu z prac\u0105 w telewizji.<\/p>\n<p>Od pocz\u0105tku roku trwaj\u0105 r\u00f3wnie\u017c prace nad od\u015bwie\u017ceniem i zdynamizowaniem &#8222;Wydarze\u0144&#8221;, kt\u00f3re s\u0105 emitowane o godzinie 15.45. W programie pojawia si\u0119 ju\u017c, co raz wi\u0119cej kr\u00f3tkich form dziennikarskich i reporterskich wej\u015b\u0107 na \u017cywo. Nad zmianami pracuje Marek Kacprzak.<\/p>\n","protected":false},"excerpt":{"rendered":"Marek Tejchman i Beata Grabarczyk do\u0142\u0105cz\u0105 do grona prowadz\u0105cych program &#8222;Wydarzenia&#8221; w telewizji Polsat. Do &#8222;Panoramy&#8221; w TVP2 przechodzi z kolei Iwona Kutyna. Natomiast w przysz\u0142ym tygodniu prac\u0119 w programie informacyjnym Polsatu rozpocznie Miko\u0142aj Jankowski.","protected":false},"author":1,"featured_media":0,"comment_status":"open","ping_status":"closed","sticky":false,"template":"","format":"standard","meta":{"csco_display_header_overlay":false,"csco_singular_sidebar":"","csco_page_header_type":"","csco_page_load_nextpost":"","csco_post_video_location":[],"csco_post_video_location_hash":"","csco_post_video_url":"","csco_post_video_bg_start_time":0,"csco_post_video_bg_end_time":0,"footnotes":""},"categories":[9670],"tags":[],"class_list":{"0":"post-81521","1":"post","2":"type-post","3":"status-publish","4":"format-standard","6":"category-tv","7":"cs-entry","8":"cs-video-wrap"},"_links":{"self":[{"href":"https:\/\/mediarun.com\/pl\/wp-json\/wp\/v2\/posts\/81521","targetHints":{"allow":["GET"]}}],"collection":[{"href":"https:\/\/mediarun.com\/pl\/wp-json\/wp\/v2\/posts"}],"about":[{"href":"https:\/\/mediarun.com\/pl\/wp-json\/wp\/v2\/types\/post"}],"author":[{"embeddable":true,"href":"https:\/\/mediarun.com\/pl\/wp-json\/wp\/v2\/users\/1"}],"replies":[{"embeddable":true,"href":"https:\/\/mediarun.com\/pl\/wp-json\/wp\/v2\/comments?post=81521"}],"version-history":[{"count":0,"href":"https:\/\/mediarun.com\/pl\/wp-json\/wp\/v2\/posts\/81521\/revisions"}],"wp:attachment":[{"href":"https:\/\/mediarun.com\/pl\/wp-json\/wp\/v2\/media?parent=81521"}],"wp:term":[{"taxonomy":"category","embeddable":true,"href":"https:\/\/mediarun.com\/pl\/wp-json\/wp\/v2\/categories?post=81521"},{"taxonomy":"post_tag","embeddable":true,"href":"https:\/\/mediarun.com\/pl\/wp-json\/wp\/v2\/tags?post=81521"}],"curies":[{"name":"wp","href":"https:\/\/api.w.org\/{rel}","templated":true}]}}