{"id":81503,"date":"2006-01-27T21:07:05","date_gmt":"2006-01-27T20:07:05","guid":{"rendered":"https:\/\/mediarun.com\/index.php\/news-posts\/radio-racja-bedzie-znow-na-antenie\/"},"modified":"2006-01-27T21:07:05","modified_gmt":"2006-01-27T20:07:05","slug":"radio-racja-bedzie-znow-na-antenie","status":"publish","type":"post","link":"https:\/\/mediarun.com\/pl\/media\/radio\/radio-racja-bedzie-znow-na-antenie.html","title":{"rendered":"Radio Racja b\u0119dzie zn\u00f3w na antenie"},"content":{"rendered":"<p>IAR donosi, \u017ce ko\u0144czy to okres spor\u00f3w wok\u00f3\u0142 r\u00f3\u017cnych pomys\u0142\u00f3w zwi\u0105zanych z uruchomieniem stacji radiowej nadaj\u0105cej programy radiowe dla Bia\u0142orusi, finansowanej z polskiego bud\u017cetu.<\/p>\n<p>Przedstawiciel Zwi\u0105zku Bia\u0142orusin\u00f3w w Zgromadzeniu Wsp\u00f3lnik\u00f3w Radia Racja, Oleg \u0141atyszonek powiedzia\u0142 w Radiu Bia\u0142ystok, \u017ce Radio Racja mo\u017ce rozpocz\u0105\u0107 nadawanie program\u00f3w prawie natychmiast. Trzeba jednak pokona\u0107 kilka przeszk\u00f3d, w tym przede wszystkim odd\u0142u\u017cenie stacji w wysoko\u015bci oko\u0142o 250 tysi\u0119cy z\u0142otych, cofni\u0119cie decyzji o zabraniu koncesji i zmontowanie na czas studia. <\/p>\n<p>Radio Racja b\u0119dzie tworzy\u0142o programy dla Bia\u0142orusin\u00f3w na Bia\u0142orusi i w Polsce oraz dla Polak\u00f3w mieszkaj\u0105cych za nasz\u0105 wschodni\u0105 granic\u0105. <\/p>\n<p>Rozg\u0142o\u015bnia, je\u015bli rozpocznie emisj\u0119 program\u00f3w b\u0119dzie nadawa\u0142a programy na falach \u015brednich oraz na UKF w pa\u015bmie 105,5 MHz. Tworz\u0105 j\u0105 Bia\u0142orusini mieszkaj\u0105cy w Polsce. Radio Racja istnieje od 1999 roku. Emitowa\u0142o programy przez ponad 3 lata. Przerwa\u0142o dzia\u0142alno\u015b\u0107 w 2002 roku z powodu braku pieni\u0119dzy. Rozmowy o wznowieniu dzia\u0142alno\u015bci radia w zwi\u0105zku z sytuacj\u0105 na Bia\u0142orusi prowadzone by\u0142y prawie rok.<\/p>\n","protected":false},"excerpt":{"rendered":"Do po\u0142owy lutego Radio Racja powinno rozpocz\u0105\u0107 nadawanie program\u00f3w dla Bia\u0142orusi w Bia\u0142ymstoku &#8211; informuje Informacyjna Agencja Radiowa. Poparcie tej instytucji skierowali do rz\u0105du pos\u0142owie po\u0142\u0105czonych komisji kultury i \u015brodk\u00f3w przekazu oraz spraw zagranicznych.","protected":false},"author":1,"featured_media":0,"comment_status":"open","ping_status":"closed","sticky":false,"template":"","format":"standard","meta":{"csco_display_header_overlay":false,"csco_singular_sidebar":"","csco_page_header_type":"","csco_page_load_nextpost":"","csco_post_video_location":[],"csco_post_video_location_hash":"","csco_post_video_url":"","csco_post_video_bg_start_time":0,"csco_post_video_bg_end_time":0,"footnotes":""},"categories":[9672],"tags":[],"class_list":{"0":"post-81503","1":"post","2":"type-post","3":"status-publish","4":"format-standard","6":"category-radio","7":"cs-entry","8":"cs-video-wrap"},"_links":{"self":[{"href":"https:\/\/mediarun.com\/pl\/wp-json\/wp\/v2\/posts\/81503","targetHints":{"allow":["GET"]}}],"collection":[{"href":"https:\/\/mediarun.com\/pl\/wp-json\/wp\/v2\/posts"}],"about":[{"href":"https:\/\/mediarun.com\/pl\/wp-json\/wp\/v2\/types\/post"}],"author":[{"embeddable":true,"href":"https:\/\/mediarun.com\/pl\/wp-json\/wp\/v2\/users\/1"}],"replies":[{"embeddable":true,"href":"https:\/\/mediarun.com\/pl\/wp-json\/wp\/v2\/comments?post=81503"}],"version-history":[{"count":0,"href":"https:\/\/mediarun.com\/pl\/wp-json\/wp\/v2\/posts\/81503\/revisions"}],"wp:attachment":[{"href":"https:\/\/mediarun.com\/pl\/wp-json\/wp\/v2\/media?parent=81503"}],"wp:term":[{"taxonomy":"category","embeddable":true,"href":"https:\/\/mediarun.com\/pl\/wp-json\/wp\/v2\/categories?post=81503"},{"taxonomy":"post_tag","embeddable":true,"href":"https:\/\/mediarun.com\/pl\/wp-json\/wp\/v2\/tags?post=81503"}],"curies":[{"name":"wp","href":"https:\/\/api.w.org\/{rel}","templated":true}]}}