{"id":81502,"date":"2006-01-27T22:21:15","date_gmt":"2006-01-27T21:21:15","guid":{"rendered":"https:\/\/mediarun.com\/index.php\/news-posts\/steffen-moller-straci-prace\/"},"modified":"2006-01-27T22:21:15","modified_gmt":"2006-01-27T21:21:15","slug":"steffen-moller-straci-prace","status":"publish","type":"post","link":"https:\/\/mediarun.com\/pl\/media\/tv\/steffen-moller-straci-prace.html","title":{"rendered":"Steffen M\u00f6ller straci prac\u0119?"},"content":{"rendered":"<p>Wg danych AGB Nielsen Media Research ka\u017cdy odcinek &#8222;Za\u0142\u00f3\u017c si\u0119&#8221; ogl\u0105da\u0142o przesz\u0142o 3,5 mln widz\u00f3w a \u015bredni udzia\u0142 audycji w rynku wyni\u00f3s\u0142 24%.<\/p>\n<p>Emituj\u0105ca program telewizja publiczna by\u0142a krytykowana za sztuczne dzielenie produkcji, w celu prezentacji blok\u00f3w reklamowych oraz za realizacyjne wpadki i b\u0142\u0119dy prowadz\u0105cych.<\/p>\n<p>Show powstaj\u0105ce na licencji niemieckiego kana\u0142u ZDF nieprzerwanie od 25. lat jest jednym z najch\u0119tniej ogl\u0105danych program\u00f3w w Niemczech. Przedsi\u0119wzi\u0119cie mo\u017cna r\u00f3wnie\u017c obserwowa\u0107 w Hiszpanii oraz W\u0142oszech.<\/p>\n","protected":false},"excerpt":{"rendered":"Gospodarzem drugiej edycji programu &#8222;Za\u0142\u00f3\u017c si\u0119&#8221; zostanie Piotr Szwedes, aktor zwi\u0105zany z TVN &#8211;donosi dziennik &#8222;Fakt&#8221;. Dotychczasowy prowadz\u0105cy audycj\u0119 Steffen M\u00f6ller straci prac\u0119. Znany z serialu &#8222;M jak mi\u0142o\u015b\u0107&#8221; oraz show &#8222;Europa da si\u0119 lubi\u0107&#8221; aktor nie sprawdzi\u0142 si\u0119 w du\u017cym telewizyjnym przedsi\u0119wzi\u0119ciu.","protected":false},"author":1,"featured_media":0,"comment_status":"open","ping_status":"closed","sticky":false,"template":"","format":"standard","meta":{"csco_display_header_overlay":false,"csco_singular_sidebar":"","csco_page_header_type":"","csco_page_load_nextpost":"","csco_post_video_location":[],"csco_post_video_location_hash":"","csco_post_video_url":"","csco_post_video_bg_start_time":0,"csco_post_video_bg_end_time":0,"footnotes":""},"categories":[9670],"tags":[],"class_list":{"0":"post-81502","1":"post","2":"type-post","3":"status-publish","4":"format-standard","6":"category-tv","7":"cs-entry","8":"cs-video-wrap"},"_links":{"self":[{"href":"https:\/\/mediarun.com\/pl\/wp-json\/wp\/v2\/posts\/81502","targetHints":{"allow":["GET"]}}],"collection":[{"href":"https:\/\/mediarun.com\/pl\/wp-json\/wp\/v2\/posts"}],"about":[{"href":"https:\/\/mediarun.com\/pl\/wp-json\/wp\/v2\/types\/post"}],"author":[{"embeddable":true,"href":"https:\/\/mediarun.com\/pl\/wp-json\/wp\/v2\/users\/1"}],"replies":[{"embeddable":true,"href":"https:\/\/mediarun.com\/pl\/wp-json\/wp\/v2\/comments?post=81502"}],"version-history":[{"count":0,"href":"https:\/\/mediarun.com\/pl\/wp-json\/wp\/v2\/posts\/81502\/revisions"}],"wp:attachment":[{"href":"https:\/\/mediarun.com\/pl\/wp-json\/wp\/v2\/media?parent=81502"}],"wp:term":[{"taxonomy":"category","embeddable":true,"href":"https:\/\/mediarun.com\/pl\/wp-json\/wp\/v2\/categories?post=81502"},{"taxonomy":"post_tag","embeddable":true,"href":"https:\/\/mediarun.com\/pl\/wp-json\/wp\/v2\/tags?post=81502"}],"curies":[{"name":"wp","href":"https:\/\/api.w.org\/{rel}","templated":true}]}}