{"id":81501,"date":"2006-01-28T00:03:52","date_gmt":"2006-01-27T23:03:52","guid":{"rendered":"https:\/\/mediarun.com\/index.php\/news-posts\/mediom-tez-brakuje-solidarnosci\/"},"modified":"2006-01-28T00:03:52","modified_gmt":"2006-01-27T23:03:52","slug":"mediom-tez-brakuje-solidarnosci","status":"publish","type":"post","link":"https:\/\/mediarun.com\/pl\/ludzie\/wywiad\/mediom-tez-brakuje-solidarnosci.html","title":{"rendered":"Mediom te\u017c brakuje solidarno\u015bci"},"content":{"rendered":"<p>&#8222;\u017belazna kurtyna&#8221; zatka\u0142a uszy milionom ludzi \u017cyj\u0105cych w jej granicach. Decydenci nie przewidzieli jednak, \u017ce kiedy\u015b &#8222;g\u0142uchoniemi z przymusu&#8221; cudem odzyskaj\u0105 utracone zmys\u0142y. Cisza to chyba okre\u015blenie, kt\u00f3re ju\u017c cyklicznie wkomponowuje si\u0119 w histori\u0119 polskich medi\u00f3w.  Mury, kt\u00f3re ju\u017c run\u0119\u0142y &#8211; wyrastaj\u0105 ponownie. Co gorsza te\u017c w sercach tych, kt\u00f3rzy kiedy\u015b walczyli o ich zburzenie. &#8211; Sko\u0144czycie jak PZPR &#8211; grzmia\u0142 z trybuny sejmowej w stron\u0119 pos\u0142\u00f3w PiS-u Wojciech Olejniczak, lider SLD. Historia zatoczy\u0142a kr\u0105g. Ci sami, kt\u00f3rzy kiedy\u015b stali po stronie PZPR &#8211; jedynie s\u0142usznej partii przez niemal p\u00f3\u0142 wieku kontroluj\u0105cej prawie wszystkie media &#8211; dzisiaj staj\u0105 w obronie niezale\u017cno\u015bci &#8222;czwartej w\u0142adzy&#8221;. Doskonale zdaj\u0105 sobie spraw\u0119 z tego, i\u017c ma\u0142o kto pami\u0119ta &#8222;Grup\u0119 trzymajac\u0105 w\u0142adz\u0119&#8221; i Roberta Kwiatkowskiego, kt\u00f3ry niechlubnie ws\u0142awi\u0142 si\u0119 erze zauwa\u017calnej go\u0142ym okiem nieobiektywno\u015bci TVP. Jak naj\u0142atwiej pozyska\u0107 pe\u0142ni\u0119 w\u0142adzy? Poczynania &#8222;Prawa i Sprawiedliwo\u015bci&#8221; pokazuj\u0105, \u017ce naj\u0142atwiej jest &#8222;po trupach&#8221;. &#8222;PiS&#8221; jak jeden m\u0105\u017c popar\u0142 Tomasza Borysiuka w g\u0142osowaniu nad powo\u0142aniem nowych cz\u0142onk\u00f3w KRRiT. Uzyskanie poparcia Samoobrony okaza\u0142o si\u0119 nadrz\u0119dne w stosunku do niech\u0119ci \u015brodowisk prawicowych wobec tego kandydata. Borysiuk przez wiele lat by\u0142 wsp\u00f3\u0142wydawc\u0105 &#8222;Go\u015bcia Jedynki&#8221; &#8211; za czas\u00f3w prezesury Roberta Kwiatkowskiego. Przed zwyci\u0119zkim g\u0142osowaniem jako jedyny nie uzyska\u0142 nawet rekomendacji poselskiej komisji kultury. <\/p>\n<p>III RP to najd\u0142u\u017cszy w historii Polski okres niezale\u017cno\u015bci medi\u00f3w &#8211; przynajmniej tych komercyjnych. Niezale\u017cno\u015bci, bo chocia\u017c ka\u017cde medium reprezentuje jak\u0105\u015b orientacj\u0119 &#8211; prawicow\u0105, lewicow\u0105 lub centrow\u0105 &#8211; mamy pe\u0142en pluralizm i szeroki dost\u0119p do r\u00f3\u017cnych o\u015brodk\u00f3w opiniotw\u00f3rczych. Na czym wi\u0119c polega kryzys? Kiedy\u015b Jan Pawe\u0142 II m\u00f3wi\u0142 &#8222;Nie ma wolno\u015bci bez Solidarno\u015bci&#8221;. Tej &#8222;Solidarno\u015bci&#8221; brakuje nie tylko politykom, ale te\u017c dziennikarzom. Wojna mi\u0119dzy stronnictwami politycznymi przekszta\u0142ca si\u0119 w wojn\u0119 mi\u0119dzy mediami. W &#8222;\u015bwie\u017cej&#8221; jak na realia europejskie polskiej demokracji mno\u017cy\u0107 mo\u017cna kariery dziennikarzy, kt\u00f3rzy przechodzili do polityki. Nie mo\u017cna m\u00f3wi\u0107 o wsp\u00f3lnym poczuciu odpowiedzialno\u015bci za Polsk\u0119 i wsp\u00f3lnej pracy w my\u015bl interesu spo\u0142ecznego. Nie mo\u017cna m\u00f3wi\u0107 tylko o reprezentowaniu przez konkretne tytu\u0142y pewnej linii ideologicznej &#8211; tak jak to wyst\u0119puje w krajach zachodnich. Zn\u00f3w zwyci\u0119\u017ca egocentryzm i przerost indywidualizmu Polak\u00f3w. Cechy te doprowadzi\u0142y &#8222;Rzeczpospolit\u0105 Obojga Narod\u00f3w&#8221; do upadku. Ostatnie wydarzenia w Sejmie wprawiaj\u0105 w zak\u0142opotanie zagranicznych korespondent\u00f3w, kt\u00f3rzy z trudem je relacjonuj\u0105. Sztandar &#8222;Solidarno\u015bci&#8221; by\u0142 tym, kt\u00f3ry jednoczy\u0142 miliony Polak\u00f3w z r\u00f3\u017cnych grup spo\u0142ecznych. Solidarno\u015b\u0107 to s\u0142owo, kt\u00f3rego brakowa\u0142o Polakom w codziennym \u017cyciu przez wiele setek lat. Solidarno\u015b\u0107 by\u0142a te\u017c w naszej historii czym\u015b, co nas wyr\u00f3\u017cnia\u0142o spo\u015br\u00f3d innych nacji. Dzi\u0119ki Solidarno\u015bci wprowadzono Konstytucj\u0119 3 maja. Dzisiaj sztandary &#8222;S&#8221; przyblak\u0142y. Spu\u015bcizna po niej trafi\u0142a w r\u0119ce specjalist\u00f3w od marketingu politycznego. <\/p>\n<p>Gdy lecimy balonem, cz\u0119sto znajdujemy si\u0119 na du\u017cej wysoko\u015bci, gdzie s\u0142ycha\u0107 ka\u017cdy szept, ziarnka piasku przesuwaj\u0105ce si\u0119 przez wiatr. Wtedy wydaje si\u0119, \u017ce odleg\u0142o\u015b\u0107 jaka nas dzieli od ziemi, z kt\u00f3rej jak ka\u017cdy cz\u0142owiek pochodzimy &#8211; nie ma znaczenia. Czujemy si\u0119 jakby\u015bmy nie byli ani tacy jak tamci na ziemi, ani jak wolne ptaki na niebie. Jeste\u015bmy po prostu sob\u0105, prze\u015bwiadczeni o swojej wolno\u015bci &#8211; nie z tego i nie z tamtego \u015bwiata. W\u0142a\u015bnie ten dystans pozwoli\u0142 na wyodr\u0119bnienie si\u0119 medi\u00f3w, kt\u00f3re z daleka informowa\u0142y o tym co dzieje si\u0119 w PRL. W okresie, kiedy media by\u0142y okryte by\u0142y cieniem PZPR &#8211; solidarno\u015b\u0107 w\u015br\u00f3d dziennikarzy stanowi\u0142a codzienno\u015b\u0107. Poza legendarnymi rozg\u0142o\u015bniami zza oceanu, takimi jak Radio Wolna Europa i G\u0142os Ameryki &#8211; wyst\u0119powa\u0142a tak\u017ce w formie konspiracji w\u015br\u00f3d dziennikarzy pracuj\u0105cych w granicach Polski. Na porz\u0105dku dziennym by\u0142y sytuacje, w kt\u00f3rych wydawcy ryzykowali przed cenzorem pokazanie migawek twarzy czo\u0142owych opozycjonist\u00f3w. Materia\u0142y emitowane na antenie telewizji by\u0142y przed emisj\u0105 zatwierdzane przez cenzora. Cz\u0119sto z premedytacj\u0105 odwracano jego uwag\u0119. <\/p>\n<p>Dzisiaj, gdy Polska jest wolna &#8211; r\u00f3\u017cne o\u015brodki opinii i partie polityczne spieraj\u0105 sie o to, kto ma prawo do solidarno\u015bci. Ma je ka\u017cdy i nie ma go nikt. Solidarno\u015b\u0107 jest czym\u015b powszechnym &#8211; nale\u017c\u0105cym do ka\u017cdego Polaka. Prezydent Lech Kaczy\u0144ski wykorzystuje &#8222;archetyp Pi\u0142sudskiego&#8221;. Pozwalaj\u0105 mu na to pragnienia Polak\u00f3w, kt\u00f3rzy t\u0119skni\u0105 za rz\u0105dami twardej r\u0119ki. Zdaje si\u0119, \u017ce g\u0142\u00f3wnym wrogiem Kaczy\u0144skiego nie s\u0105 pos\u0142owie &#8211; jak u Pi\u0142sudskiego &#8211; tylko dziennikarze. PiS wielokrotnie udowodni\u0142, \u017ce pozyskanie medi\u00f3w jest dla tej partii spraw\u0105 wyj\u0105tkowo istotn\u0105. W ten oto spos\u00f3b &#8222;sejmokracja&#8221; przemieni\u0142a si\u0119 w &#8222;mediokracj\u0119&#8221;. P\u00f3\u0142 Polski &#8222;\u0142apie si\u0119 na to&#8221;. St\u0105d te\u017c spadek zaufania do czo\u0142owych dziennikarzy przejawiaj\u0105cy si\u0119 lawin\u0105 krytykuj\u0105cych ich post\u00f3w w internetowych dyskusjach. Jedno\u015bci brak jest w mediach i w polityce. Podzia\u0142 na Polsk\u0119 A (ludzi, kt\u00f3rym si\u0119 uda\u0142o w III RP) i Polsk\u0119 B (tych, kt\u00f3rym si\u0119 nie uda\u0142o) &#8211; staje si\u0119 faktem. Kiedy\u015b jeden z czo\u0142owych prezenter\u00f3w chcia\u0142, aby sztandarowy program informacyjny jego stacji by\u0142 adresowany do ludzi dobrze wykszta\u0142conych. Dzisiaj mamy podzia\u0142 na media A i media B.<\/p>\n<p>W najgorszym po\u0142o\u017ceniu jest TVP &#8211; le\u017cy ona mi\u0119dzy przys\u0142owiowym m\u0142otem a kowad\u0142em. Od lat przechodzi\u0142a z r\u0105k do r\u0105k, kt\u00f3re pr\u00f3bowa\u0142y wpoi\u0107 jej swoje systemy warto\u015bci i nak\u0142oni\u0107 do prowadzenia poprawnej politycznie linii informacyjnej. Winy za to nie ponosi jedynie PiS, ale wszystkie rz\u0105dy III RP. Telewizja pod \u017cadnym zarz\u0105dem nie by\u0142a solidarna i nie zanosi si\u0119, aby by\u0142a  w najbli\u017cszym czasie &#8211; w prawid\u0142owym rozumieniu solidarno\u015bci. Solidarna i powszechna telewizja nie powinna by\u0107 ani liberalna ani konserwatywna. Powinno by\u0107 w niej miejsce zar\u00f3wno dla Bronis\u0142awa Wildsteina, Jana Pospieszalskiego, jak i dla Piotra Gembarowskiego i Kamila Durczoka. Telewizja publiczna nie ma prawa reprezentowa\u0107 konkretnej linii ideologicznej, bo jak sama nazwa wskazuje &#8211; jest publiczna. Niepokoj\u0105cy jest zatem pomys\u0142 dzielenia anten &#8211; na rz\u0105dow\u0105 i opozycyjn\u0105. Jakie ugrupowania s\u0105 w\u0142a\u015bciwie opozycj\u0105 w \u015bwietle ostatnich wydarze\u0144? <\/p>\n<p>Cisza i og\u0142uszaj\u0105cy wrzask &#8211; tak wygl\u0105da\u0142y polskie media na przestrzeni XX i XXI wieku. Gdy wrzask stawa\u0142 si\u0119 nie do zniesienia &#8211; trzeba by\u0142o narzuci\u0107 cisz\u0119. Tak post\u0105pi\u0142 Pi\u0142sudski, cisz\u0119 narzucono w PRL. Cisza powraca\u0142a jak boomerang po obaleniu komunizmu. Narzuca\u0142y j\u0105 kolejne ekipy rz\u0105dz\u0105ce &#8211; i narzucaj\u0105 po dzi\u015b dzie\u0144. W wi\u0119kszo\u015bci przypadk\u00f3w trudno powiedzie\u0107, kto jest winny. Winna okaza\u0142a si\u0119 chyba po raz kolejny polska mentalno\u015b\u0107.  <\/p>\n","protected":false},"excerpt":{"rendered":"Cisza mo\u017ce nasta\u0107 w wyniku wielu czynnik\u00f3w. Gorzej, gdy cisza zapada w momencie, w kt\u00f3rym chcemy us\u0142ysze\u0107 co\u015b wa\u017cnego. Kto\u015b na si\u0142\u0119 zatyka nam uszy, aby\u015bmy nie mogli pozna\u0107 prawdy &#8211; tak istotnej. Tej prawdy, kt\u00f3rej tak \u0142akniemy i \u017c\u0105damy od wielu lat. W ten w\u0142a\u015bnie spos\u00f3b post\u0119powa\u0142y z mediami w\u0142adze pa\u0144stw bloku komunistycznego. Wolna Polska nie jest lepsza &#8211; jest po prostu inna. Po kilkunastu latach III RP wyodr\u0119bni\u0142 si\u0119 podzia\u0142 na media A i media B.","protected":false},"author":1,"featured_media":0,"comment_status":"open","ping_status":"closed","sticky":false,"template":"","format":"standard","meta":{"csco_display_header_overlay":false,"csco_singular_sidebar":"","csco_page_header_type":"","csco_page_load_nextpost":"","csco_post_video_location":[],"csco_post_video_location_hash":"","csco_post_video_url":"","csco_post_video_bg_start_time":0,"csco_post_video_bg_end_time":0,"footnotes":""},"categories":[45],"tags":[],"class_list":{"0":"post-81501","1":"post","2":"type-post","3":"status-publish","4":"format-standard","6":"category-wywiad","7":"cs-entry","8":"cs-video-wrap"},"_links":{"self":[{"href":"https:\/\/mediarun.com\/pl\/wp-json\/wp\/v2\/posts\/81501","targetHints":{"allow":["GET"]}}],"collection":[{"href":"https:\/\/mediarun.com\/pl\/wp-json\/wp\/v2\/posts"}],"about":[{"href":"https:\/\/mediarun.com\/pl\/wp-json\/wp\/v2\/types\/post"}],"author":[{"embeddable":true,"href":"https:\/\/mediarun.com\/pl\/wp-json\/wp\/v2\/users\/1"}],"replies":[{"embeddable":true,"href":"https:\/\/mediarun.com\/pl\/wp-json\/wp\/v2\/comments?post=81501"}],"version-history":[{"count":0,"href":"https:\/\/mediarun.com\/pl\/wp-json\/wp\/v2\/posts\/81501\/revisions"}],"wp:attachment":[{"href":"https:\/\/mediarun.com\/pl\/wp-json\/wp\/v2\/media?parent=81501"}],"wp:term":[{"taxonomy":"category","embeddable":true,"href":"https:\/\/mediarun.com\/pl\/wp-json\/wp\/v2\/categories?post=81501"},{"taxonomy":"post_tag","embeddable":true,"href":"https:\/\/mediarun.com\/pl\/wp-json\/wp\/v2\/tags?post=81501"}],"curies":[{"name":"wp","href":"https:\/\/api.w.org\/{rel}","templated":true}]}}